{"id":1072,"date":"2012-09-16T18:18:09","date_gmt":"2012-09-16T18:18:09","guid":{"rendered":"http:\/\/www.fdp-fuldatal.de\/?p=1072"},"modified":"2012-09-16T18:18:09","modified_gmt":"2012-09-16T18:18:09","slug":"kulturausschuss-des-kreisverbandes-der-liberalen-lud-ein-documenta-13-besuch-mit-fuhrung-in-kassel","status":"publish","type":"post","link":"https:\/\/www.fdp-fuldatal.de\/?p=1072","title":{"rendered":"Kulturausschuss des Kreisverbandes der Liberalen lud ein: documenta 13 \u2013 Besuch mit F\u00fchrung in Kassel"},"content":{"rendered":"<div id=\"attachment_1074\" style=\"width: 160px\" class=\"wp-caption alignleft\"><a href=\"https:\/\/i0.wp.com\/www.fdp-fuldatal.de\/wp-content\/uploads\/2012\/09\/dokumenta1.jpg?ssl=1\"><img data-recalc-dims=\"1\" loading=\"lazy\" decoding=\"async\" aria-describedby=\"caption-attachment-1074\" class=\"size-thumbnail wp-image-1074\" title=\"dokumenta\" src=\"https:\/\/i0.wp.com\/www.fdp-fuldatal.de\/wp-content\/uploads\/2012\/09\/dokumenta1.jpg?resize=150%2C150&#038;ssl=1\" alt=\"\" width=\"150\" height=\"150\" srcset=\"https:\/\/i0.wp.com\/www.fdp-fuldatal.de\/wp-content\/uploads\/2012\/09\/dokumenta1.jpg?resize=150%2C150&amp;ssl=1 150w, https:\/\/i0.wp.com\/www.fdp-fuldatal.de\/wp-content\/uploads\/2012\/09\/dokumenta1.jpg?zoom=2&amp;resize=150%2C150&amp;ssl=1 300w, https:\/\/i0.wp.com\/www.fdp-fuldatal.de\/wp-content\/uploads\/2012\/09\/dokumenta1.jpg?zoom=3&amp;resize=150%2C150&amp;ssl=1 450w\" sizes=\"auto, (max-width: 150px) 100vw, 150px\" \/><\/a><p id=\"caption-attachment-1074\" class=\"wp-caption-text\">: An der documenta-Kunst Interessierte Mitglieder und Freunde der FDP Kassel-Land, darunter auch aus Fuldatal, vor dem Wandteppich mit dem zerst\u00f6rten Kabuler Darulaman-Palast im Kasseler Fridericianum. (Ein zweiter Teppich sei in Kabul zu sehen) \u2013 Mitte hinten: der Bundestagsabgeordnete Bj\u00f6rn S\u00e4nger.<\/p><\/div>\n<p>Eingeladen hatte k\u00fcrzlich der Vorsitzende der FDP im Landkreis Kassel, MdB Bj\u00f6rn S\u00e4nger, in Verbindung mit dem Kulturausschuss des Kreisverbandes zu einer F\u00fchrung durch Teile der Welt-Kunstausstellung \u201edocumenta 13\u201c in Kassel. Durch das rege Interesse von Mitgliedern und Freunden der Liberalen wurde der vorgesehene Rahmen eine Besichtigungsgruppe sogar gesprengt, dennoch gelang es der \u201eWorldly Companion\u201c \u2013 so nennen sich die documenta-Begleiter einer solchen<br \/>\nF\u00fchrung \u2013,die Aufmerksamkeit der Besuchergruppe auf die zentralen Absichten der Ausstellung zu richten. Die F\u00fclle der Exponate, Events und Arrangements, die die diesj\u00e4hrige Kasseler Weltausstellung pr\u00e4gten, erm\u00f6glichte nur den Besuch von lediglich zwei Ausstellungsorten. Deutung und Inspiration der vielsinnigen Werke wurde den Besuchern selbst \u00fcberlassen. Geweckt werden sollte Neugier und Interesse auch auf weitere Bereiche der weitl\u00e4ufigen Kunstschau. Dieses Ziel wurde wohl bei den meisten Teilnehmern erreicht.<\/p>\n","protected":false},"excerpt":{"rendered":"<p>Eingeladen hatte k\u00fcrzlich der Vorsitzende der FDP im Landkreis Kassel, MdB Bj\u00f6rn S\u00e4nger, in Verbindung mit dem Kulturausschuss des Kreisverbandes zu einer F\u00fchrung durch Teile der Welt-Kunstausstellung \u201edocumenta 13\u201c in Kassel. Durch das rege Interesse von Mitgliedern und Freunden der Liberalen wurde der vorgesehene Rahmen eine Besichtigungsgruppe sogar gesprengt, dennoch gelang es der \u201eWorldly Companion\u201c [&hellip;]<\/p>\n","protected":false},"author":1,"featured_media":0,"comment_status":"open","ping_status":"open","sticky":false,"template":"","format":"standard","meta":{"_jetpack_memberships_contains_paid_content":false,"footnotes":""},"categories":[1,5],"tags":[],"class_list":["post-1072","post","type-post","status-publish","format-standard","hentry","category-allgemein","category-ortsverband_aktiv"],"jetpack_featured_media_url":"","jetpack_sharing_enabled":true,"_links":{"self":[{"href":"https:\/\/www.fdp-fuldatal.de\/index.php?rest_route=\/wp\/v2\/posts\/1072","targetHints":{"allow":["GET"]}}],"collection":[{"href":"https:\/\/www.fdp-fuldatal.de\/index.php?rest_route=\/wp\/v2\/posts"}],"about":[{"href":"https:\/\/www.fdp-fuldatal.de\/index.php?rest_route=\/wp\/v2\/types\/post"}],"author":[{"embeddable":true,"href":"https:\/\/www.fdp-fuldatal.de\/index.php?rest_route=\/wp\/v2\/users\/1"}],"replies":[{"embeddable":true,"href":"https:\/\/www.fdp-fuldatal.de\/index.php?rest_route=%2Fwp%2Fv2%2Fcomments&post=1072"}],"version-history":[{"count":1,"href":"https:\/\/www.fdp-fuldatal.de\/index.php?rest_route=\/wp\/v2\/posts\/1072\/revisions"}],"predecessor-version":[{"id":1075,"href":"https:\/\/www.fdp-fuldatal.de\/index.php?rest_route=\/wp\/v2\/posts\/1072\/revisions\/1075"}],"wp:attachment":[{"href":"https:\/\/www.fdp-fuldatal.de\/index.php?rest_route=%2Fwp%2Fv2%2Fmedia&parent=1072"}],"wp:term":[{"taxonomy":"category","embeddable":true,"href":"https:\/\/www.fdp-fuldatal.de\/index.php?rest_route=%2Fwp%2Fv2%2Fcategories&post=1072"},{"taxonomy":"post_tag","embeddable":true,"href":"https:\/\/www.fdp-fuldatal.de\/index.php?rest_route=%2Fwp%2Fv2%2Ftags&post=1072"}],"curies":[{"name":"wp","href":"https:\/\/api.w.org\/{rel}","templated":true}]}}