{"id":1099769,"date":"2026-03-08T13:47:23","date_gmt":"2026-03-08T12:47:23","guid":{"rendered":"https:\/\/www.fdp-fuldatal.de\/?p=1099769"},"modified":"2026-03-08T13:47:23","modified_gmt":"2026-03-08T12:47:23","slug":"infostand-zum-wahlkampffinale","status":"publish","type":"post","link":"https:\/\/www.fdp-fuldatal.de\/?p=1099769","title":{"rendered":"Infostand zum Wahlkampffinale"},"content":{"rendered":"\n<div class=\"wp-block-columns is-layout-flex wp-container-core-columns-is-layout-9d6595d7 wp-block-columns-is-layout-flex\">\n<div class=\"wp-block-column is-layout-flow wp-block-column-is-layout-flow\" style=\"flex-basis:50%\">\n<p>Traditionell beenden wir unseren Wahlkampf am Samstag vor der Wahl. Somit trefft Ihr uns am<\/p>\n\n\n\n<p class=\"has-text-align-center\"><strong>14.03.2026\u2013Samstag<\/strong><br><strong>09:00 &#8211; 11:00 Uhr<\/strong><br><strong>Ortszentrum Ihringshausen<\/strong><\/p>\n\n\n\n<p>Wir freuen uns bei einem Kaffee \u00fcber alle Themen, die euch und uns bewegen, zu sprechen. Wir informieren euch \u00fcber unser Programm f\u00fcr Fuldatal und unsere Ideen f\u00fcr die Zukunft.<\/p>\n<\/div>\n\n\n\n<div class=\"wp-block-column is-layout-flow wp-block-column-is-layout-flow\" style=\"flex-basis:50%\">\n<figure class=\"wp-block-image size-large\"><a href=\"https:\/\/i0.wp.com\/www.fdp-fuldatal.de\/wp-content\/uploads\/2026\/03\/Schwamm-und-Prgramm.jpeg?ssl=1\"><img data-recalc-dims=\"1\" loading=\"lazy\" decoding=\"async\" width=\"625\" height=\"833\" src=\"https:\/\/i0.wp.com\/www.fdp-fuldatal.de\/wp-content\/uploads\/2026\/03\/Schwamm-und-Prgramm.jpeg?resize=625%2C833&#038;ssl=1\" alt=\"\" class=\"wp-image-1099779\" srcset=\"https:\/\/i0.wp.com\/www.fdp-fuldatal.de\/wp-content\/uploads\/2026\/03\/Schwamm-und-Prgramm.jpeg?resize=768%2C1024&amp;ssl=1 768w, https:\/\/i0.wp.com\/www.fdp-fuldatal.de\/wp-content\/uploads\/2026\/03\/Schwamm-und-Prgramm.jpeg?resize=225%2C300&amp;ssl=1 225w, https:\/\/i0.wp.com\/www.fdp-fuldatal.de\/wp-content\/uploads\/2026\/03\/Schwamm-und-Prgramm.jpeg?resize=624%2C832&amp;ssl=1 624w, https:\/\/i0.wp.com\/www.fdp-fuldatal.de\/wp-content\/uploads\/2026\/03\/Schwamm-und-Prgramm.jpeg?w=960&amp;ssl=1 960w\" sizes=\"auto, (max-width: 625px) 100vw, 625px\" \/><\/a><\/figure>\n<\/div>\n<\/div>\n","protected":false},"excerpt":{"rendered":"<p>Traditionell beenden wir unseren Wahlkampf am Samstag vor der Wahl. Somit trefft Ihr uns am 14.03.2026\u2013Samstag09:00 &#8211; 11:00 UhrOrtszentrum Ihringshausen Wir freuen uns bei einem Kaffee \u00fcber alle Themen, die euch und uns bewegen, zu sprechen. Wir informieren euch \u00fcber unser Programm f\u00fcr Fuldatal und unsere Ideen f\u00fcr die Zukunft.<\/p>\n","protected":false},"author":88902,"featured_media":0,"comment_status":"closed","ping_status":"","sticky":false,"template":"","format":"standard","meta":{"_jetpack_memberships_contains_paid_content":false,"footnotes":""},"categories":[1],"tags":[],"class_list":["post-1099769","post","type-post","status-publish","format-standard","hentry","category-allgemein"],"jetpack_featured_media_url":"","jetpack_sharing_enabled":true,"_links":{"self":[{"href":"https:\/\/www.fdp-fuldatal.de\/index.php?rest_route=\/wp\/v2\/posts\/1099769","targetHints":{"allow":["GET"]}}],"collection":[{"href":"https:\/\/www.fdp-fuldatal.de\/index.php?rest_route=\/wp\/v2\/posts"}],"about":[{"href":"https:\/\/www.fdp-fuldatal.de\/index.php?rest_route=\/wp\/v2\/types\/post"}],"author":[{"embeddable":true,"href":"https:\/\/www.fdp-fuldatal.de\/index.php?rest_route=\/wp\/v2\/users\/88902"}],"replies":[{"embeddable":true,"href":"https:\/\/www.fdp-fuldatal.de\/index.php?rest_route=%2Fwp%2Fv2%2Fcomments&post=1099769"}],"version-history":[{"count":1,"href":"https:\/\/www.fdp-fuldatal.de\/index.php?rest_route=\/wp\/v2\/posts\/1099769\/revisions"}],"predecessor-version":[{"id":1099786,"href":"https:\/\/www.fdp-fuldatal.de\/index.php?rest_route=\/wp\/v2\/posts\/1099769\/revisions\/1099786"}],"wp:attachment":[{"href":"https:\/\/www.fdp-fuldatal.de\/index.php?rest_route=%2Fwp%2Fv2%2Fmedia&parent=1099769"}],"wp:term":[{"taxonomy":"category","embeddable":true,"href":"https:\/\/www.fdp-fuldatal.de\/index.php?rest_route=%2Fwp%2Fv2%2Fcategories&post=1099769"},{"taxonomy":"post_tag","embeddable":true,"href":"https:\/\/www.fdp-fuldatal.de\/index.php?rest_route=%2Fwp%2Fv2%2Ftags&post=1099769"}],"curies":[{"name":"wp","href":"https:\/\/api.w.org\/{rel}","templated":true}]}}