{"id":116916,"date":"2017-02-19T17:15:21","date_gmt":"2017-02-19T16:15:21","guid":{"rendered":"http:\/\/www.fdp-fuldatal.de\/?p=116916"},"modified":"2017-02-19T17:15:21","modified_gmt":"2017-02-19T16:15:21","slug":"firmensuche-in-der-fritz-erler-anlage","status":"publish","type":"post","link":"https:\/\/www.fdp-fuldatal.de\/?p=116916","title":{"rendered":"\u201eFirmensuche\u201c in der Fritz-Erler-Anlage."},"content":{"rendered":"<p>K\u00fcrzlich fanden sich Mitglieder des Fuldataler Ortsverbandes auf dem Gel\u00e4nde der Fritz-Erler-Anlage ein. Dort haben sich im Rahmen der Kasernen-Konversion mittlerweile \u00fcber f\u00fcnfzehn Firmen und Gewerbebetriebe unterschiedlicher Gr\u00f6\u00dfe und Aktivit\u00e4ten angesiedelt. Teils angemietet, teils von der BIMA k\u00e4uflich erworben, kommen sie auf dem ehemaligen Kasernengel\u00e4nde ihren gewerblichen Aktivit\u00e4ten nach. Auch Wohneinheiten wurden bezogen.<\/p>\n<div id=\"attachment_116917\" style=\"width: 635px\" class=\"wp-caption aligncenter\"><a href=\"https:\/\/i0.wp.com\/www.fdp-fuldatal.de\/wp-content\/uploads\/2017\/02\/Fritz-Erler_1.jpg?ssl=1\"><img data-recalc-dims=\"1\" loading=\"lazy\" decoding=\"async\" aria-describedby=\"caption-attachment-116917\" class=\"size-large wp-image-116917\" src=\"https:\/\/i0.wp.com\/www.fdp-fuldatal.de\/wp-content\/uploads\/2017\/02\/Fritz-Erler_1.jpg?resize=625%2C469&#038;ssl=1\" alt=\"\" width=\"625\" height=\"469\" srcset=\"https:\/\/i0.wp.com\/www.fdp-fuldatal.de\/wp-content\/uploads\/2017\/02\/Fritz-Erler_1.jpg?resize=1024%2C768&amp;ssl=1 1024w, https:\/\/i0.wp.com\/www.fdp-fuldatal.de\/wp-content\/uploads\/2017\/02\/Fritz-Erler_1.jpg?resize=300%2C225&amp;ssl=1 300w, https:\/\/i0.wp.com\/www.fdp-fuldatal.de\/wp-content\/uploads\/2017\/02\/Fritz-Erler_1.jpg?resize=768%2C576&amp;ssl=1 768w, https:\/\/i0.wp.com\/www.fdp-fuldatal.de\/wp-content\/uploads\/2017\/02\/Fritz-Erler_1.jpg?resize=624%2C468&amp;ssl=1 624w, https:\/\/i0.wp.com\/www.fdp-fuldatal.de\/wp-content\/uploads\/2017\/02\/Fritz-Erler_1.jpg?w=1250&amp;ssl=1 1250w, https:\/\/i0.wp.com\/www.fdp-fuldatal.de\/wp-content\/uploads\/2017\/02\/Fritz-Erler_1.jpg?w=1875&amp;ssl=1 1875w\" sizes=\"auto, (max-width: 625px) 100vw, 625px\" \/><\/a><p id=\"caption-attachment-116917\" class=\"wp-caption-text\">Ein einzelnes Schild, das von der Sonnenallee abzweigt, lenkt Lieferanten und Kunden eines einzelnen Betriebes an das gew\u00fcnschte Ziel. Die Liberalen m\u00f6chten diese Situation ge\u00e4ndert und erg\u00e4nzt wissen.<\/p><\/div>\n<p>Mittlerweile kommt es immer h\u00e4ufiger vor, dass Lieferanten und Kunden die weit verstreut liegenden Betriebe nicht auf Anhieb finden und teilweise l\u00e4nger in dem weitl\u00e4ufigen Gel\u00e4nde umherirren. Es fehlt eine eindeutige Beschilderung, die auf die angesiedelten Firmen hinweist. Lediglich ein Betreiber hat auf eigene Initiative durch Hinweis- und Ziel-Schilder aufmerksam gemacht. Schwere Lastz\u00fcge, ja sogar Gefahrguttransporte sind teilweise im Ortsteil Knickhagen \u201egelandet\u201c.<\/p>\n<p>Ausgel\u00f6st von Klagen der Betroffenen hat sich die \u00f6rtliche FDP ein Bild von dem Zustand machen wollen.<\/p>\n<div id=\"attachment_116918\" style=\"width: 635px\" class=\"wp-caption aligncenter\"><a href=\"https:\/\/i0.wp.com\/www.fdp-fuldatal.de\/wp-content\/uploads\/2017\/02\/Fritz-Erler_2.jpg?ssl=1\"><img data-recalc-dims=\"1\" loading=\"lazy\" decoding=\"async\" aria-describedby=\"caption-attachment-116918\" class=\"size-large wp-image-116918\" src=\"https:\/\/i0.wp.com\/www.fdp-fuldatal.de\/wp-content\/uploads\/2017\/02\/Fritz-Erler_2.jpg?resize=625%2C469&#038;ssl=1\" alt=\"\" width=\"625\" height=\"469\" srcset=\"https:\/\/i0.wp.com\/www.fdp-fuldatal.de\/wp-content\/uploads\/2017\/02\/Fritz-Erler_2.jpg?resize=1024%2C768&amp;ssl=1 1024w, https:\/\/i0.wp.com\/www.fdp-fuldatal.de\/wp-content\/uploads\/2017\/02\/Fritz-Erler_2.jpg?resize=300%2C225&amp;ssl=1 300w, https:\/\/i0.wp.com\/www.fdp-fuldatal.de\/wp-content\/uploads\/2017\/02\/Fritz-Erler_2.jpg?resize=768%2C576&amp;ssl=1 768w, https:\/\/i0.wp.com\/www.fdp-fuldatal.de\/wp-content\/uploads\/2017\/02\/Fritz-Erler_2.jpg?resize=624%2C468&amp;ssl=1 624w, https:\/\/i0.wp.com\/www.fdp-fuldatal.de\/wp-content\/uploads\/2017\/02\/Fritz-Erler_2.jpg?w=1250&amp;ssl=1 1250w, https:\/\/i0.wp.com\/www.fdp-fuldatal.de\/wp-content\/uploads\/2017\/02\/Fritz-Erler_2.jpg?w=1875&amp;ssl=1 1875w\" sizes=\"auto, (max-width: 625px) 100vw, 625px\" \/><\/a><p id=\"caption-attachment-116918\" class=\"wp-caption-text\">Am Beginn der Sonnenallee weist nur ein Schild auf den Weg zu einem der \u00fcber f\u00fcnfzehn Gewerbebetriebe hin. Auch die unterschiedliche Wegf\u00fchrung zu einigen Firmen von der Stra\u00dfeneinm\u00fcndung nach Knickhagen ist nicht erkennbar.<\/p><\/div>\n<p>Schwierigkeiten beim Aufstellen von gemeinsamen \u201eSchilderbr\u00fccken\u201c, die den \u201erechten Weg\u201c weisen, bestehen wohl durch die unterschiedlichen Besitzverh\u00e4ltnisse m\u00f6glicher Aufstellfl\u00e4chen in dem Gel\u00e4nde, in die sich die Bundesanstalt f\u00fcr Immobilien-Angelegenheiten (BIMA), die Gemeinde Fuldatal und das Land Hessen als aktueller Mieter von Fl\u00e4chen f\u00fcr die Fl\u00fcchtlingsunterk\u00fcnfte teilen.<\/p>\n<p>Die gewonnenen Erkenntnisse wollen die Liberalen nunmehr in ihre parlamentarische Arbeit aufnehmen.<\/p>\n<p>&nbsp;<\/p>\n","protected":false},"excerpt":{"rendered":"<p>K\u00fcrzlich fanden sich Mitglieder des Fuldataler Ortsverbandes auf dem Gel\u00e4nde der Fritz-Erler-Anlage ein. Dort haben sich im Rahmen der Kasernen-Konversion mittlerweile \u00fcber f\u00fcnfzehn Firmen und Gewerbebetriebe unterschiedlicher Gr\u00f6\u00dfe und Aktivit\u00e4ten angesiedelt. Teils angemietet, teils von der BIMA k\u00e4uflich erworben, kommen sie auf dem ehemaligen Kasernengel\u00e4nde ihren gewerblichen Aktivit\u00e4ten nach. Auch Wohneinheiten wurden bezogen. Mittlerweile kommt [&hellip;]<\/p>\n","protected":false},"author":88902,"featured_media":0,"comment_status":"closed","ping_status":"closed","sticky":false,"template":"","format":"standard","meta":{"_jetpack_memberships_contains_paid_content":false,"footnotes":""},"categories":[1],"tags":[],"class_list":["post-116916","post","type-post","status-publish","format-standard","hentry","category-allgemein"],"jetpack_featured_media_url":"","jetpack_sharing_enabled":true,"_links":{"self":[{"href":"https:\/\/www.fdp-fuldatal.de\/index.php?rest_route=\/wp\/v2\/posts\/116916","targetHints":{"allow":["GET"]}}],"collection":[{"href":"https:\/\/www.fdp-fuldatal.de\/index.php?rest_route=\/wp\/v2\/posts"}],"about":[{"href":"https:\/\/www.fdp-fuldatal.de\/index.php?rest_route=\/wp\/v2\/types\/post"}],"author":[{"embeddable":true,"href":"https:\/\/www.fdp-fuldatal.de\/index.php?rest_route=\/wp\/v2\/users\/88902"}],"replies":[{"embeddable":true,"href":"https:\/\/www.fdp-fuldatal.de\/index.php?rest_route=%2Fwp%2Fv2%2Fcomments&post=116916"}],"version-history":[{"count":1,"href":"https:\/\/www.fdp-fuldatal.de\/index.php?rest_route=\/wp\/v2\/posts\/116916\/revisions"}],"predecessor-version":[{"id":116919,"href":"https:\/\/www.fdp-fuldatal.de\/index.php?rest_route=\/wp\/v2\/posts\/116916\/revisions\/116919"}],"wp:attachment":[{"href":"https:\/\/www.fdp-fuldatal.de\/index.php?rest_route=%2Fwp%2Fv2%2Fmedia&parent=116916"}],"wp:term":[{"taxonomy":"category","embeddable":true,"href":"https:\/\/www.fdp-fuldatal.de\/index.php?rest_route=%2Fwp%2Fv2%2Fcategories&post=116916"},{"taxonomy":"post_tag","embeddable":true,"href":"https:\/\/www.fdp-fuldatal.de\/index.php?rest_route=%2Fwp%2Fv2%2Ftags&post=116916"}],"curies":[{"name":"wp","href":"https:\/\/api.w.org\/{rel}","templated":true}]}}