{"id":117207,"date":"2017-03-05T17:19:56","date_gmt":"2017-03-05T16:19:56","guid":{"rendered":"http:\/\/www.fdp-fuldatal.de\/?p=117207"},"modified":"2017-03-05T17:19:56","modified_gmt":"2017-03-05T16:19:56","slug":"politischer-aschermittwoch-der-liberalen-in-kassel","status":"publish","type":"post","link":"https:\/\/www.fdp-fuldatal.de\/?p=117207","title":{"rendered":"Politischer Aschermittwoch der Liberalen in Kassel"},"content":{"rendered":"<p>Der Aschermittwoch ist nicht nur in S\u00fcddeutschland ein \u201ePolitischer Aschermittwoch\u201c. Auch die Freien Demokraten der Region laden seit vielen Jahren ihre Mitglieder und Freunde an diesem Tag zu ihrem traditionellen Heringsessen ein, in diesem Jahr in \u201eEppo\u2019s Clubhaus, in Kassel eine allseits bekannte Gast- und Tagungsst\u00e4tte.<\/p>\n<p>Als Ehrengast und Redner des Abends hatten die beiden Kreisvorst\u00e4nde den stellvertretenden Fraktionsvorsitzenden der FDP im Hessischen Landtag gewonnen. Matthias N\u00f6lke, der FDP-Kreisvorsitzende Kassel-Stadt, nahm nach der Begr\u00fc\u00dfung zahlreiche Mitglieder, Freunde und F\u00f6rderer aus der Stadt und dem Landkreis Kassel, der Vortragssaal war erfreulich gut gef\u00fcllt, Gelegenheit, die politische Situation der Stadt Kassel kurz vor der Oberb\u00fcrgermeister-Wahl zu beleuchten. Er stellte dabei die wichtigsten Positionen aus der Sicht der Liberalen heraus.<\/p>\n<p>Ehe man sich den delikaten Fischtellern zuwandte, referierte MdL J\u00fcrgen Lenders, der auch wirtschafts- und verkehrspolitischer Sprecher seiner Fraktion ist, \u00fcber liberale Priorit\u00e4ten f\u00fcr die nordhessische Region. Schwerpunkt seiner Darlegungen war die unbefriedigende verkehrstechnische Situation, durch die ein noch weiteres Aufbl\u00fchen des Nordhessenlandes arg behindert werde. An konkreten Beispielen aus der Landespolitik zeigte er nachhaltige Vers\u00e4umnisse besonders im Bereich des Verkehrsministeriums auf und forderte zu politischen Kurskorrekturen auf.<\/p>\n<div id=\"attachment_117208\" style=\"width: 635px\" class=\"wp-caption aligncenter\"><a href=\"https:\/\/i0.wp.com\/www.fdp-fuldatal.de\/wp-content\/uploads\/2017\/03\/Heringsessen_2017_1.jpg?ssl=1\"><img data-recalc-dims=\"1\" loading=\"lazy\" decoding=\"async\" aria-describedby=\"caption-attachment-117208\" class=\"size-large wp-image-117208\" src=\"https:\/\/i0.wp.com\/www.fdp-fuldatal.de\/wp-content\/uploads\/2017\/03\/Heringsessen_2017_1.jpg?resize=625%2C469&#038;ssl=1\" alt=\"\" width=\"625\" height=\"469\" srcset=\"https:\/\/i0.wp.com\/www.fdp-fuldatal.de\/wp-content\/uploads\/2017\/03\/Heringsessen_2017_1.jpg?resize=1024%2C768&amp;ssl=1 1024w, https:\/\/i0.wp.com\/www.fdp-fuldatal.de\/wp-content\/uploads\/2017\/03\/Heringsessen_2017_1.jpg?resize=300%2C225&amp;ssl=1 300w, https:\/\/i0.wp.com\/www.fdp-fuldatal.de\/wp-content\/uploads\/2017\/03\/Heringsessen_2017_1.jpg?resize=768%2C576&amp;ssl=1 768w, https:\/\/i0.wp.com\/www.fdp-fuldatal.de\/wp-content\/uploads\/2017\/03\/Heringsessen_2017_1.jpg?resize=624%2C468&amp;ssl=1 624w, https:\/\/i0.wp.com\/www.fdp-fuldatal.de\/wp-content\/uploads\/2017\/03\/Heringsessen_2017_1.jpg?w=1250&amp;ssl=1 1250w, https:\/\/i0.wp.com\/www.fdp-fuldatal.de\/wp-content\/uploads\/2017\/03\/Heringsessen_2017_1.jpg?w=1875&amp;ssl=1 1875w\" sizes=\"auto, (max-width: 625px) 100vw, 625px\" \/><\/a><p id=\"caption-attachment-117208\" class=\"wp-caption-text\">Fuldatals Liberale stellten sich beim Heringsessen 2017 mit dem Gastredner, MdL J\u00fcrgen Lenders (m.) und den Vorsitzenden von Kassel-Stadt und Land, Matthias N\u00f6lke und Bj\u00f6rn S\u00e4nger (hi.r.), zu einem Erinnerungsfoto.<\/p><\/div>\n<p>Nach dem Auftragen des beliebten Heringsessens gab es noch eine Diskussion \u00fcber die vom Redner angesprochenen Projekte. Der Vorsitzende des FDP-Kreisverbandes Kassel-Land, Bj\u00f6rn S\u00e4nger, beschloss den Abend mit einem Geschenk als Dank an den aus Fulda angereisten Ehrengast. Nicht nur die Teilnehmer aus dem Kreis der Fuldataler Liberalen erlebten einen aufschlussreichen \u201epolitischen Aschermittwoch\u201c in Nordhessen.<\/p>\n","protected":false},"excerpt":{"rendered":"<p>Der Aschermittwoch ist nicht nur in S\u00fcddeutschland ein \u201ePolitischer Aschermittwoch\u201c. Auch die Freien Demokraten der Region laden seit vielen Jahren ihre Mitglieder und Freunde an diesem Tag zu ihrem traditionellen Heringsessen ein, in diesem Jahr in \u201eEppo\u2019s Clubhaus, in Kassel eine allseits bekannte Gast- und Tagungsst\u00e4tte. Als Ehrengast und Redner des Abends hatten die beiden [&hellip;]<\/p>\n","protected":false},"author":88902,"featured_media":0,"comment_status":"closed","ping_status":"closed","sticky":false,"template":"","format":"standard","meta":{"_jetpack_memberships_contains_paid_content":false,"footnotes":""},"categories":[1],"tags":[],"class_list":["post-117207","post","type-post","status-publish","format-standard","hentry","category-allgemein"],"jetpack_featured_media_url":"","jetpack_sharing_enabled":true,"_links":{"self":[{"href":"https:\/\/www.fdp-fuldatal.de\/index.php?rest_route=\/wp\/v2\/posts\/117207","targetHints":{"allow":["GET"]}}],"collection":[{"href":"https:\/\/www.fdp-fuldatal.de\/index.php?rest_route=\/wp\/v2\/posts"}],"about":[{"href":"https:\/\/www.fdp-fuldatal.de\/index.php?rest_route=\/wp\/v2\/types\/post"}],"author":[{"embeddable":true,"href":"https:\/\/www.fdp-fuldatal.de\/index.php?rest_route=\/wp\/v2\/users\/88902"}],"replies":[{"embeddable":true,"href":"https:\/\/www.fdp-fuldatal.de\/index.php?rest_route=%2Fwp%2Fv2%2Fcomments&post=117207"}],"version-history":[{"count":1,"href":"https:\/\/www.fdp-fuldatal.de\/index.php?rest_route=\/wp\/v2\/posts\/117207\/revisions"}],"predecessor-version":[{"id":117209,"href":"https:\/\/www.fdp-fuldatal.de\/index.php?rest_route=\/wp\/v2\/posts\/117207\/revisions\/117209"}],"wp:attachment":[{"href":"https:\/\/www.fdp-fuldatal.de\/index.php?rest_route=%2Fwp%2Fv2%2Fmedia&parent=117207"}],"wp:term":[{"taxonomy":"category","embeddable":true,"href":"https:\/\/www.fdp-fuldatal.de\/index.php?rest_route=%2Fwp%2Fv2%2Fcategories&post=117207"},{"taxonomy":"post_tag","embeddable":true,"href":"https:\/\/www.fdp-fuldatal.de\/index.php?rest_route=%2Fwp%2Fv2%2Ftags&post=117207"}],"curies":[{"name":"wp","href":"https:\/\/api.w.org\/{rel}","templated":true}]}}