{"id":120274,"date":"2017-07-30T13:22:50","date_gmt":"2017-07-30T11:22:50","guid":{"rendered":"http:\/\/www.fdp-fuldatal.de\/?p=120274"},"modified":"2017-07-30T13:22:50","modified_gmt":"2017-07-30T11:22:50","slug":"anne-und-klaus-in-der-kasseler-strasse-von-fuldatal-wurde-ein-grosses-fest-gefeiert","status":"publish","type":"post","link":"https:\/\/www.fdp-fuldatal.de\/?p=120274","title":{"rendered":"\u201eAnne und Klaus\u201c \u2013 In der Kasseler Stra\u00dfe von Fuldatal wurde ein gro\u00dfes Fest gefeiert.\u00a0"},"content":{"rendered":"<p>Mehrere Jahre hatte es gedauert, bis das Hofareal an der Kasseler Stra\u00dfe neu hergerichtet war. Noch als B\u00fcrgermeisterin hatte Anne Werderich und ihr Mann Klaus S\u00e4nger das fr\u00fchere landwirtschaftliche Anwesen erworben und zu einem ansprechenden Wohndomizil ausgebaut. Nun gab j\u00fcngst der 70. Geburtstag der fr\u00fcheren Gemeindechefin ihr den Anlass, Verwandte, Freunde und Bekannte zu einem z\u00fcnftigen Hoffest einzuladen. Statt Geschenken gab es Spenden f\u00fcr das Wassererlebnishaus Fuldatal.<\/p>\n<div id=\"attachment_120275\" style=\"width: 635px\" class=\"wp-caption aligncenter\"><a href=\"https:\/\/i0.wp.com\/www.fdp-fuldatal.de\/wp-content\/uploads\/2017\/07\/AK_2017_1.jpg?ssl=1\"><img data-recalc-dims=\"1\" loading=\"lazy\" decoding=\"async\" aria-describedby=\"caption-attachment-120275\" class=\"size-large wp-image-120275\" src=\"https:\/\/i0.wp.com\/www.fdp-fuldatal.de\/wp-content\/uploads\/2017\/07\/AK_2017_1.jpg?resize=625%2C469&#038;ssl=1\" alt=\"\" width=\"625\" height=\"469\" srcset=\"https:\/\/i0.wp.com\/www.fdp-fuldatal.de\/wp-content\/uploads\/2017\/07\/AK_2017_1.jpg?resize=1024%2C768&amp;ssl=1 1024w, https:\/\/i0.wp.com\/www.fdp-fuldatal.de\/wp-content\/uploads\/2017\/07\/AK_2017_1.jpg?resize=300%2C225&amp;ssl=1 300w, https:\/\/i0.wp.com\/www.fdp-fuldatal.de\/wp-content\/uploads\/2017\/07\/AK_2017_1.jpg?resize=768%2C576&amp;ssl=1 768w, https:\/\/i0.wp.com\/www.fdp-fuldatal.de\/wp-content\/uploads\/2017\/07\/AK_2017_1.jpg?resize=624%2C468&amp;ssl=1 624w, https:\/\/i0.wp.com\/www.fdp-fuldatal.de\/wp-content\/uploads\/2017\/07\/AK_2017_1.jpg?w=1250&amp;ssl=1 1250w, https:\/\/i0.wp.com\/www.fdp-fuldatal.de\/wp-content\/uploads\/2017\/07\/AK_2017_1.jpg?w=1875&amp;ssl=1 1875w\" sizes=\"auto, (max-width: 625px) 100vw, 625px\" \/><\/a><p id=\"caption-attachment-120275\" class=\"wp-caption-text\">Sehr angetan \u00fcber die Vielzahl der G\u00e4ste zeigten sich Anne Werderich und Klaus S\u00e4nger und begr\u00fc\u00dften die sehr zahlreichen Besucher auf ihrem nunmehr ansprechend fertiggestellten Hofareal. Ausgebrachte Flaggen zeugten auch von den internationalen G\u00e4sten.<\/p><\/div>\n<p>Die zahlreich auf dem Hofrund erschienenen G\u00e4ste zeugten von dem noch immer regen ehrenamtlichen Engagement von Anne Werderich. Eine gr\u00f6\u00dfere Verwandtenschar, auch aus \u00dcbersee, kam auch wegen des runden Geburtstages ihres Sohnes.<\/p>\n<p>Da waren die liberalen Mitstreiter aus der politischen Arbeit in der FDP erschienen. Der Vorstand des Bauvereins Fuldatal gab seiner Vorsitzenden die Ehre. Auch die Aktivisten des Wassererlebnishauses fanden sich zum Stelldichein. Und da waren die Unterst\u00fctzerinnen im kleinen Caf\u00e9 des Museums W\u00e4hrungsreform 1948. Auch aus der Fl\u00fcchtlingshilfe im Haus Sonnenallee waren G\u00e4ste zu begr\u00fc\u00dfen.<\/p>\n<div id=\"attachment_120276\" style=\"width: 635px\" class=\"wp-caption aligncenter\"><a href=\"https:\/\/i0.wp.com\/www.fdp-fuldatal.de\/wp-content\/uploads\/2017\/07\/AK2017_2.jpg?ssl=1\"><img data-recalc-dims=\"1\" loading=\"lazy\" decoding=\"async\" aria-describedby=\"caption-attachment-120276\" class=\"size-large wp-image-120276\" src=\"https:\/\/i0.wp.com\/www.fdp-fuldatal.de\/wp-content\/uploads\/2017\/07\/AK2017_2.jpg?resize=625%2C469&#038;ssl=1\" alt=\"\" width=\"625\" height=\"469\" srcset=\"https:\/\/i0.wp.com\/www.fdp-fuldatal.de\/wp-content\/uploads\/2017\/07\/AK2017_2.jpg?resize=1024%2C768&amp;ssl=1 1024w, https:\/\/i0.wp.com\/www.fdp-fuldatal.de\/wp-content\/uploads\/2017\/07\/AK2017_2.jpg?resize=300%2C225&amp;ssl=1 300w, https:\/\/i0.wp.com\/www.fdp-fuldatal.de\/wp-content\/uploads\/2017\/07\/AK2017_2.jpg?resize=768%2C576&amp;ssl=1 768w, https:\/\/i0.wp.com\/www.fdp-fuldatal.de\/wp-content\/uploads\/2017\/07\/AK2017_2.jpg?resize=624%2C468&amp;ssl=1 624w, https:\/\/i0.wp.com\/www.fdp-fuldatal.de\/wp-content\/uploads\/2017\/07\/AK2017_2.jpg?w=1250&amp;ssl=1 1250w, https:\/\/i0.wp.com\/www.fdp-fuldatal.de\/wp-content\/uploads\/2017\/07\/AK2017_2.jpg?w=1875&amp;ssl=1 1875w\" sizes=\"auto, (max-width: 625px) 100vw, 625px\" \/><\/a><p id=\"caption-attachment-120276\" class=\"wp-caption-text\">Die liberalen Freunde aus der Fuldataler FDP lie\u00dfen es sich bei der kommunalpolitisch nach wie vor h\u00f6chst aktiven 1. Vorsitzenden und Gastgeberin gut gehen.<\/p><\/div>\n<p>Ein \u00f6rtlicher Caterer sorgte f\u00fcr ein wohlsortiertes Grill-Buffet, und vielf\u00e4ltige Getr\u00e4nke gab es allemal. Kein Wunder, dass man noch lange nach Mitternacht G\u00e4stetreiben auf dem Hof am Espe-Lauf wahrnehmen konnte.<\/p>\n<p>&nbsp;<\/p>\n","protected":false},"excerpt":{"rendered":"<p>Mehrere Jahre hatte es gedauert, bis das Hofareal an der Kasseler Stra\u00dfe neu hergerichtet war. Noch als B\u00fcrgermeisterin hatte Anne Werderich und ihr Mann Klaus S\u00e4nger das fr\u00fchere landwirtschaftliche Anwesen erworben und zu einem ansprechenden Wohndomizil ausgebaut. Nun gab j\u00fcngst der 70. Geburtstag der fr\u00fcheren Gemeindechefin ihr den Anlass, Verwandte, Freunde und Bekannte zu einem [&hellip;]<\/p>\n","protected":false},"author":88902,"featured_media":0,"comment_status":"closed","ping_status":"closed","sticky":false,"template":"","format":"standard","meta":{"_jetpack_memberships_contains_paid_content":false,"footnotes":""},"categories":[1],"tags":[],"class_list":["post-120274","post","type-post","status-publish","format-standard","hentry","category-allgemein"],"jetpack_featured_media_url":"","jetpack_sharing_enabled":true,"_links":{"self":[{"href":"https:\/\/www.fdp-fuldatal.de\/index.php?rest_route=\/wp\/v2\/posts\/120274","targetHints":{"allow":["GET"]}}],"collection":[{"href":"https:\/\/www.fdp-fuldatal.de\/index.php?rest_route=\/wp\/v2\/posts"}],"about":[{"href":"https:\/\/www.fdp-fuldatal.de\/index.php?rest_route=\/wp\/v2\/types\/post"}],"author":[{"embeddable":true,"href":"https:\/\/www.fdp-fuldatal.de\/index.php?rest_route=\/wp\/v2\/users\/88902"}],"replies":[{"embeddable":true,"href":"https:\/\/www.fdp-fuldatal.de\/index.php?rest_route=%2Fwp%2Fv2%2Fcomments&post=120274"}],"version-history":[{"count":1,"href":"https:\/\/www.fdp-fuldatal.de\/index.php?rest_route=\/wp\/v2\/posts\/120274\/revisions"}],"predecessor-version":[{"id":120277,"href":"https:\/\/www.fdp-fuldatal.de\/index.php?rest_route=\/wp\/v2\/posts\/120274\/revisions\/120277"}],"wp:attachment":[{"href":"https:\/\/www.fdp-fuldatal.de\/index.php?rest_route=%2Fwp%2Fv2%2Fmedia&parent=120274"}],"wp:term":[{"taxonomy":"category","embeddable":true,"href":"https:\/\/www.fdp-fuldatal.de\/index.php?rest_route=%2Fwp%2Fv2%2Fcategories&post=120274"},{"taxonomy":"post_tag","embeddable":true,"href":"https:\/\/www.fdp-fuldatal.de\/index.php?rest_route=%2Fwp%2Fv2%2Ftags&post=120274"}],"curies":[{"name":"wp","href":"https:\/\/api.w.org\/{rel}","templated":true}]}}