{"id":121028,"date":"2017-08-27T19:47:40","date_gmt":"2017-08-27T17:47:40","guid":{"rendered":"http:\/\/www.fdp-fuldatal.de\/?p=121028"},"modified":"2017-08-27T19:47:40","modified_gmt":"2017-08-27T17:47:40","slug":"liberaler-finanz-und-wirtschaftsexperte-gast-bei-der-fdp-region-kassel","status":"publish","type":"post","link":"https:\/\/www.fdp-fuldatal.de\/?p=121028","title":{"rendered":"Liberaler Finanz- und Wirtschaftsexperte Gast bei der FDP-Region Kassel"},"content":{"rendered":"<p>In der Vorwoche war es der FDP-Region-Kassel gelungen, den bekannten Finanz- und Wirtschaftsexperten Frank Sch\u00e4ffler als Gastredner zu aktuellem Themen zu gewinnen. Unter \u201eEurorettung, Bargeldverbot &amp; Co.\u201c wurde sein Vortrag in den Einladungen angek\u00fcndigt. Als Ort der Veranstaltung hatte der Kasseler Kreisvorsitzende Matthias N\u00f6lke den H\u00f6rsaal des \u201eMuseums W\u00e4hrungsreform 1948\u201c im \u201eHaus Posen\u201c gewinnen k\u00f6nnen, eine durchaus historisch bedeutsame St\u00e4tte f\u00fcr solche Themen der deutschen Finanzpolitik.<\/p>\n<div id=\"attachment_121029\" style=\"width: 635px\" class=\"wp-caption aligncenter\"><a href=\"https:\/\/i0.wp.com\/www.fdp-fuldatal.de\/wp-content\/uploads\/2017\/08\/Sch%C3%A4ffler_1.jpg?ssl=1\"><img data-recalc-dims=\"1\" loading=\"lazy\" decoding=\"async\" aria-describedby=\"caption-attachment-121029\" class=\"size-large wp-image-121029\" src=\"https:\/\/i0.wp.com\/www.fdp-fuldatal.de\/wp-content\/uploads\/2017\/08\/Sch%C3%A4ffler_1.jpg?resize=625%2C417&#038;ssl=1\" alt=\"\" width=\"625\" height=\"417\" srcset=\"https:\/\/i0.wp.com\/www.fdp-fuldatal.de\/wp-content\/uploads\/2017\/08\/Sch%C3%A4ffler_1.jpg?resize=1024%2C683&amp;ssl=1 1024w, https:\/\/i0.wp.com\/www.fdp-fuldatal.de\/wp-content\/uploads\/2017\/08\/Sch%C3%A4ffler_1.jpg?resize=300%2C200&amp;ssl=1 300w, https:\/\/i0.wp.com\/www.fdp-fuldatal.de\/wp-content\/uploads\/2017\/08\/Sch%C3%A4ffler_1.jpg?resize=768%2C512&amp;ssl=1 768w, https:\/\/i0.wp.com\/www.fdp-fuldatal.de\/wp-content\/uploads\/2017\/08\/Sch%C3%A4ffler_1.jpg?resize=624%2C416&amp;ssl=1 624w, https:\/\/i0.wp.com\/www.fdp-fuldatal.de\/wp-content\/uploads\/2017\/08\/Sch%C3%A4ffler_1.jpg?w=1600&amp;ssl=1 1600w, https:\/\/i0.wp.com\/www.fdp-fuldatal.de\/wp-content\/uploads\/2017\/08\/Sch%C3%A4ffler_1.jpg?w=1250&amp;ssl=1 1250w\" sizes=\"auto, (max-width: 625px) 100vw, 625px\" \/><\/a><p id=\"caption-attachment-121029\" class=\"wp-caption-text\">Lebendig und mit gro\u00dfer Sachkunde trug der liberale Finanz- und Wirtschaftsexperte Frank Sch\u00e4ffler seine Thesen zu den aktuellen Fragen und Problemen des deutschen Wirtschaftgeschehens im H\u00f6rsaal des \u201eMuseums W\u00e4hrungsreform 1948\u201c vor.<\/p><\/div>\n<p>In anschaulicher und lebendiger Weise wusste der Redner seine zahlreichen Zuh\u00f6rer zu fesseln. Er spannte einen weiten informatorischen Bogen von Entstehung und Zielsetzung des Euro \u00fcber die gegenw\u00e4rtige Finanz- und Schuldenkrise in der Europ\u00e4ischen Union bis zu aktuellen Problemen Deutschlands durch das angeschlagene W\u00e4hrungsgef\u00fcge\u00a0 und die, f\u00fcr ihn wenig Sinn machend, Diskussion \u00fcber die Abschaffung des Bargeldes. Neben einer totalen Kontrollierbarkeit der Konteninhaber w\u00fcrde eine solche Ma\u00dfnahme auch den Menschen wesentliche Teile ihrer Identit\u00e4t, pers\u00f6nlichen Lebensgestaltung und damit ihrer W\u00fcrde nehmen. F\u00fcr einen liberalen B\u00fcrger ist dies undenkbar. Sch\u00e4ffler warnte nachdr\u00fccklich vor der Weiterverfolgung solcher Gedanken-Konstrukte in einer verantwortungsbewussten Finanzpolitik.<\/p>\n<p>An den Vortrag des studierten Betriebswirtschaftlers, der auch als Bundestagsabgeordneter strikt gegen die europ\u00e4ischen Rettungspakete stimmte, schloss sich eine rege Diskussion zu den zahlreich aufgeworfenen Fragen und Problemen an.<\/p>\n<p>Anschlie\u00dfend war zu einem kleinen Imbiss eingeladen, den Mitglieder des Fuldataler FDP-Ortsverbandes anl\u00e4sslich einer Art \u201eHeimspiel\u201c im kleinen Museums-Caf\u00e9 vorbereitet hatten. Fuldatals FDP-Ortsvorsitzende Anne Werderich zeichnet ja im Museums-Verein f\u00fcr den Caf\u00e9-Betrieb verantwortlich.<\/p>\n<div id=\"attachment_121030\" style=\"width: 635px\" class=\"wp-caption aligncenter\"><a href=\"https:\/\/i0.wp.com\/www.fdp-fuldatal.de\/wp-content\/uploads\/2017\/08\/Sch%C3%A4ffler_2.jpg?ssl=1\"><img data-recalc-dims=\"1\" loading=\"lazy\" decoding=\"async\" aria-describedby=\"caption-attachment-121030\" class=\"size-large wp-image-121030\" src=\"https:\/\/i0.wp.com\/www.fdp-fuldatal.de\/wp-content\/uploads\/2017\/08\/Sch%C3%A4ffler_2.jpg?resize=625%2C417&#038;ssl=1\" alt=\"\" width=\"625\" height=\"417\" srcset=\"https:\/\/i0.wp.com\/www.fdp-fuldatal.de\/wp-content\/uploads\/2017\/08\/Sch%C3%A4ffler_2.jpg?resize=1024%2C683&amp;ssl=1 1024w, https:\/\/i0.wp.com\/www.fdp-fuldatal.de\/wp-content\/uploads\/2017\/08\/Sch%C3%A4ffler_2.jpg?resize=300%2C200&amp;ssl=1 300w, https:\/\/i0.wp.com\/www.fdp-fuldatal.de\/wp-content\/uploads\/2017\/08\/Sch%C3%A4ffler_2.jpg?resize=768%2C512&amp;ssl=1 768w, https:\/\/i0.wp.com\/www.fdp-fuldatal.de\/wp-content\/uploads\/2017\/08\/Sch%C3%A4ffler_2.jpg?resize=624%2C416&amp;ssl=1 624w, https:\/\/i0.wp.com\/www.fdp-fuldatal.de\/wp-content\/uploads\/2017\/08\/Sch%C3%A4ffler_2.jpg?w=1600&amp;ssl=1 1600w, https:\/\/i0.wp.com\/www.fdp-fuldatal.de\/wp-content\/uploads\/2017\/08\/Sch%C3%A4ffler_2.jpg?w=1250&amp;ssl=1 1250w\" sizes=\"auto, (max-width: 625px) 100vw, 625px\" \/><\/a><p id=\"caption-attachment-121030\" class=\"wp-caption-text\">m Konklave-Raum des \u201eMuseums W\u00e4hrungsreform 1948\u201c, dort, wo seinerzeit die D-Mark als neue westdeutsche W\u00e4hrung geschaffen wurde, stellten sich Mitglieder des Fuldataler FDP-Ortsverbandes mit dem Gastredner Frank Sch\u00e4ffler (5.v.l.) und dem FDP-Kreisvorsitzenden aus Kassel, Matthias N\u00f6lke (5.v.r.), zu einem Erinnerungsfoto.<\/p><\/div>\n<p>Hohes Interesse bei Frank Sch\u00e4ffler und etlichen Besuchern riefen auch die Einrichtung des \u201eMuseums W\u00e4hrungsreform 1948\u201c und das Wirken des US-\u00d6konomen Edward Tenenbaum beim \u201eKonklave von Rothwesten\u201c hervor. Museumsleiter Bernd Niesel und Moderator Hans-Hermann Trost standen dazu spontan Rede und Antwort.<\/p>\n<p>&nbsp;<\/p>\n","protected":false},"excerpt":{"rendered":"<p>In der Vorwoche war es der FDP-Region-Kassel gelungen, den bekannten Finanz- und Wirtschaftsexperten Frank Sch\u00e4ffler als Gastredner zu aktuellem Themen zu gewinnen. Unter \u201eEurorettung, Bargeldverbot &amp; Co.\u201c wurde sein Vortrag in den Einladungen angek\u00fcndigt. Als Ort der Veranstaltung hatte der Kasseler Kreisvorsitzende Matthias N\u00f6lke den H\u00f6rsaal des \u201eMuseums W\u00e4hrungsreform 1948\u201c im \u201eHaus Posen\u201c gewinnen k\u00f6nnen, [&hellip;]<\/p>\n","protected":false},"author":88902,"featured_media":0,"comment_status":"closed","ping_status":"closed","sticky":false,"template":"","format":"standard","meta":{"_jetpack_memberships_contains_paid_content":false,"footnotes":""},"categories":[1],"tags":[],"class_list":["post-121028","post","type-post","status-publish","format-standard","hentry","category-allgemein"],"jetpack_featured_media_url":"","jetpack_sharing_enabled":true,"_links":{"self":[{"href":"https:\/\/www.fdp-fuldatal.de\/index.php?rest_route=\/wp\/v2\/posts\/121028","targetHints":{"allow":["GET"]}}],"collection":[{"href":"https:\/\/www.fdp-fuldatal.de\/index.php?rest_route=\/wp\/v2\/posts"}],"about":[{"href":"https:\/\/www.fdp-fuldatal.de\/index.php?rest_route=\/wp\/v2\/types\/post"}],"author":[{"embeddable":true,"href":"https:\/\/www.fdp-fuldatal.de\/index.php?rest_route=\/wp\/v2\/users\/88902"}],"replies":[{"embeddable":true,"href":"https:\/\/www.fdp-fuldatal.de\/index.php?rest_route=%2Fwp%2Fv2%2Fcomments&post=121028"}],"version-history":[{"count":1,"href":"https:\/\/www.fdp-fuldatal.de\/index.php?rest_route=\/wp\/v2\/posts\/121028\/revisions"}],"predecessor-version":[{"id":121031,"href":"https:\/\/www.fdp-fuldatal.de\/index.php?rest_route=\/wp\/v2\/posts\/121028\/revisions\/121031"}],"wp:attachment":[{"href":"https:\/\/www.fdp-fuldatal.de\/index.php?rest_route=%2Fwp%2Fv2%2Fmedia&parent=121028"}],"wp:term":[{"taxonomy":"category","embeddable":true,"href":"https:\/\/www.fdp-fuldatal.de\/index.php?rest_route=%2Fwp%2Fv2%2Fcategories&post=121028"},{"taxonomy":"post_tag","embeddable":true,"href":"https:\/\/www.fdp-fuldatal.de\/index.php?rest_route=%2Fwp%2Fv2%2Ftags&post=121028"}],"curies":[{"name":"wp","href":"https:\/\/api.w.org\/{rel}","templated":true}]}}