{"id":230405,"date":"2021-04-29T12:08:12","date_gmt":"2021-04-29T10:08:12","guid":{"rendered":"http:\/\/www.fdp-fuldatal.de\/?p=230405"},"modified":"2021-04-29T12:08:13","modified_gmt":"2021-04-29T10:08:13","slug":"kraefte-buendeln","status":"publish","type":"post","link":"https:\/\/www.fdp-fuldatal.de\/?p=230405","title":{"rendered":"Kr\u00e4fte b\u00fcndeln"},"content":{"rendered":"\n<p>Am Rande der konstituierenden Sitzung der Gemeindevertretung Fuldatal am 21.04.2021 hat sich ein neues kleines Team gefunden, um die anstehenden Aufgaben gemeinsam anzupacken.<\/p>\n\n\n\n<figure class=\"wp-block-image size-large\"><a href=\"https:\/\/i0.wp.com\/www.fdp-fuldatal.de\/wp-content\/uploads\/2021\/04\/FDP-FW-scaled.jpg?ssl=1\"><img data-recalc-dims=\"1\" loading=\"lazy\" decoding=\"async\" width=\"625\" height=\"469\" src=\"https:\/\/i0.wp.com\/www.fdp-fuldatal.de\/wp-content\/uploads\/2021\/04\/FDP-FW.jpg?resize=625%2C469&#038;ssl=1\" alt=\"\" class=\"wp-image-230410\" srcset=\"https:\/\/i0.wp.com\/www.fdp-fuldatal.de\/wp-content\/uploads\/2021\/04\/FDP-FW-scaled.jpg?resize=1024%2C768&amp;ssl=1 1024w, https:\/\/i0.wp.com\/www.fdp-fuldatal.de\/wp-content\/uploads\/2021\/04\/FDP-FW-scaled.jpg?resize=300%2C225&amp;ssl=1 300w, https:\/\/i0.wp.com\/www.fdp-fuldatal.de\/wp-content\/uploads\/2021\/04\/FDP-FW-scaled.jpg?resize=768%2C576&amp;ssl=1 768w, https:\/\/i0.wp.com\/www.fdp-fuldatal.de\/wp-content\/uploads\/2021\/04\/FDP-FW-scaled.jpg?resize=1536%2C1152&amp;ssl=1 1536w, https:\/\/i0.wp.com\/www.fdp-fuldatal.de\/wp-content\/uploads\/2021\/04\/FDP-FW-scaled.jpg?resize=2048%2C1536&amp;ssl=1 2048w, https:\/\/i0.wp.com\/www.fdp-fuldatal.de\/wp-content\/uploads\/2021\/04\/FDP-FW-scaled.jpg?resize=624%2C468&amp;ssl=1 624w, https:\/\/i0.wp.com\/www.fdp-fuldatal.de\/wp-content\/uploads\/2021\/04\/FDP-FW-scaled.jpg?w=1250&amp;ssl=1 1250w, https:\/\/i0.wp.com\/www.fdp-fuldatal.de\/wp-content\/uploads\/2021\/04\/FDP-FW-scaled.jpg?w=1875&amp;ssl=1 1875w\" sizes=\"auto, (max-width: 625px) 100vw, 625px\" \/><\/a><figcaption>v.l. Thorsten R\u00f6der, J\u00f6rg Wagner und J\u00f6rg Janista<\/figcaption><\/figure>\n\n\n\n<p><br>Die beiden Gemeindevertreter der FDP J\u00f6rg Wagner und Thorsten R\u00f6der haben sich mit dem Gemeindevertreter der Freien W\u00e4hler J\u00f6rg Janista zu einer Fraktion &#8211; FDP-FW &#8211; zusammen geschlossen. Gemeinsame lassen sich die Aufgaben besser verteilen und die Arbeit f\u00fcr die Gemeindevertretung leichter erledigen. Informationen zu beschaffen und zu verarbeiten, alle drei Aussch\u00fcsse besetzen zu k\u00f6nnen sind weitere Vorteile. Auch zu dritt ist dies noch eine Herausforderung, aber gemeinsam l\u00e4sst es sich leichter an.<br><\/p>\n\n\n\n<p>Wenn es die Corona Pandemie wieder zu l\u00e4sst ist jeder herzlich eingeladen mit uns zu diskutieren und uns kennen zu lernen. Wir werden Sie in fuldatal aktuell und auch durch andere Medien \u00fcber unsere Sitzungstermine auf dem Laufenden halten.<\/p>\n","protected":false},"excerpt":{"rendered":"<p>Am Rande der konstituierenden Sitzung der Gemeindevertretung Fuldatal am 21.04.2021 hat sich ein neues kleines Team gefunden, um die anstehenden Aufgaben gemeinsam anzupacken. Die beiden Gemeindevertreter der FDP J\u00f6rg Wagner und Thorsten R\u00f6der haben sich mit dem Gemeindevertreter der Freien W\u00e4hler J\u00f6rg Janista zu einer Fraktion &#8211; FDP-FW &#8211; zusammen geschlossen. Gemeinsame lassen sich die [&hellip;]<\/p>\n","protected":false},"author":88902,"featured_media":0,"comment_status":"closed","ping_status":"closed","sticky":false,"template":"","format":"standard","meta":{"_jetpack_memberships_contains_paid_content":false,"footnotes":""},"categories":[1],"tags":[],"class_list":["post-230405","post","type-post","status-publish","format-standard","hentry","category-allgemein"],"jetpack_featured_media_url":"","jetpack_sharing_enabled":true,"_links":{"self":[{"href":"https:\/\/www.fdp-fuldatal.de\/index.php?rest_route=\/wp\/v2\/posts\/230405","targetHints":{"allow":["GET"]}}],"collection":[{"href":"https:\/\/www.fdp-fuldatal.de\/index.php?rest_route=\/wp\/v2\/posts"}],"about":[{"href":"https:\/\/www.fdp-fuldatal.de\/index.php?rest_route=\/wp\/v2\/types\/post"}],"author":[{"embeddable":true,"href":"https:\/\/www.fdp-fuldatal.de\/index.php?rest_route=\/wp\/v2\/users\/88902"}],"replies":[{"embeddable":true,"href":"https:\/\/www.fdp-fuldatal.de\/index.php?rest_route=%2Fwp%2Fv2%2Fcomments&post=230405"}],"version-history":[{"count":1,"href":"https:\/\/www.fdp-fuldatal.de\/index.php?rest_route=\/wp\/v2\/posts\/230405\/revisions"}],"predecessor-version":[{"id":230413,"href":"https:\/\/www.fdp-fuldatal.de\/index.php?rest_route=\/wp\/v2\/posts\/230405\/revisions\/230413"}],"wp:attachment":[{"href":"https:\/\/www.fdp-fuldatal.de\/index.php?rest_route=%2Fwp%2Fv2%2Fmedia&parent=230405"}],"wp:term":[{"taxonomy":"category","embeddable":true,"href":"https:\/\/www.fdp-fuldatal.de\/index.php?rest_route=%2Fwp%2Fv2%2Fcategories&post=230405"},{"taxonomy":"post_tag","embeddable":true,"href":"https:\/\/www.fdp-fuldatal.de\/index.php?rest_route=%2Fwp%2Fv2%2Ftags&post=230405"}],"curies":[{"name":"wp","href":"https:\/\/api.w.org\/{rel}","templated":true}]}}