{"id":245,"date":"2009-03-27T09:41:11","date_gmt":"2009-03-27T09:41:11","guid":{"rendered":"http:\/\/www.fdp-fuldatal.com\/?p=245"},"modified":"2010-11-30T06:30:25","modified_gmt":"2010-11-30T06:30:25","slug":"fur-sie-beim-landesparteitag-2009","status":"publish","type":"post","link":"https:\/\/www.fdp-fuldatal.de\/?p=245","title":{"rendered":"F\u00fcr Sie beim Landesparteitag 2009"},"content":{"rendered":"<p>FDP Kassel-Land erzielt Erfolge auf Landesebene<\/p>\n<p>Mit zwei Erfolgen im Gep\u00e4ck sind die Delegierten der FDP im Landkreis  Kassel vom Landesparteitag der Liberalen aus Hanau zur\u00fcckgereist. Bei  den Wahlen zum Landesvorstand der Partei wurde der Schauenburger Lasse  Becker in das Partei\u00adpr\u00e4sidium, das gesch\u00e4ftsf\u00fchrende Gremium der  Partei, gew\u00e4hlt. Der 25j\u00e4hrige Diplom-Volkswirt, der stellvertretender  Vorsitzender der FDP-Kreistagsfraktion ist, ersetzt dort  Wirtschaftsminister Dieter Posch, der nicht mehr angetreten war und  Becker als Nachfolger vorgeschlagen hatte. Becker, der auch  Landesvorsitzender der Jugendorganisation Junge Liberale ist, konnte 83%  der Stimmen erzielen.<\/p>\n<p>Ebenfalls auf Vorschlag von Dieter Posch w\u00e4hlten die Delegierten des  Parteitags den Kreisvorsitzenden der FDP im Landkreis Kassel, Bj\u00f6rn  S\u00e4nger (Ahnatal), auf den siebten Listenplatz zur kommenden  Bundestagswahl. Der 33j\u00e4hrige Diplom-\u00d6konom konnte sich mit 54% der  Stimmen gegen Christoph Schnurr aus Frankfurt durchsetzen. S\u00e4nger  kandidiert im Wahlkreis 168 (Waldeck), zu dem aus dem Landkreis Kassel  die Altkreise Hofgeismar und Wolfhagen, aus dem Altkreis Kas\u00adsel die  Stadt Baunatal und Schauenburg sowie der Kreisteil Waldeck aus dem  Landkreis Waldeck-Frankenberg geh\u00f6ren. Auf dieser Position hat S\u00e4nger  gute Aussichten, in den n\u00e4chsten Deutschen Bundestag, dem derzeit f\u00fcnf  Vertreter der FDP aus Hessen angeh\u00f6ren, einzuziehen.<\/p>\n<div id=\"attachment_86\" style=\"width: 160px\" class=\"wp-caption alignleft\"><a href=\"https:\/\/i0.wp.com\/www.fdp-fuldatal.com\/wp-content\/uploads\/2010\/11\/Landtag-2009.jpg\"><img data-recalc-dims=\"1\" loading=\"lazy\" decoding=\"async\" aria-describedby=\"caption-attachment-86\" class=\"size-thumbnail wp-image-86\" title=\"Landtag 2009\" src=\"https:\/\/i0.wp.com\/www.fdp-fuldatal.com\/wp-content\/uploads\/2010\/11\/Landtag-2009-150x150.jpg?resize=150%2C150\" alt=\"\" width=\"150\" height=\"150\" srcset=\"https:\/\/i0.wp.com\/www.fdp-fuldatal.de\/wp-content\/uploads\/2010\/11\/Landtag-2009.jpg?resize=150%2C150&amp;ssl=1 150w, https:\/\/i0.wp.com\/www.fdp-fuldatal.de\/wp-content\/uploads\/2010\/11\/Landtag-2009.jpg?zoom=2&amp;resize=150%2C150&amp;ssl=1 300w, https:\/\/i0.wp.com\/www.fdp-fuldatal.de\/wp-content\/uploads\/2010\/11\/Landtag-2009.jpg?zoom=3&amp;resize=150%2C150&amp;ssl=1 450w\" sizes=\"auto, (max-width: 150px) 100vw, 150px\" \/><\/a><p id=\"caption-attachment-86\" class=\"wp-caption-text\">Anne Werderich, Bj\u00f6rn S\u00e4nger, Helmut von Zech, Klaus-Dieter S\u00e4nger<\/p><\/div>\n<p>\u201eWir sind mit diesem Ergebnis au\u00dferordentlich zufrieden\u201c, beurteilt  S\u00e4nger den Landesparteitag. Nachdem die FDP Kassel-Land bereits mit dem  Landtagsabge\u00adordneten Helmut von Zech (Zierenberg) auf Landesebene  hervorragend vertreten sei, habe man das landespolitische Gewicht des  Verbandes, auch innerhalb Nordhessens, weiter steigern k\u00f6nnen. Mit  S\u00e4nger, Becker und von Zech w\u00e4hlten die Landesparteitagsdelegierten auch  drei Vertreter aus dem Landkreis Kassel zu Delegierten der FDP Hessen  f\u00fcr die kommenden Bundesparteitage.<\/p>\n","protected":false},"excerpt":{"rendered":"<p>FDP Kassel-Land erzielt Erfolge auf Landesebene Mit zwei Erfolgen im Gep\u00e4ck sind die Delegierten der FDP im Landkreis Kassel vom Landesparteitag der Liberalen aus Hanau zur\u00fcckgereist. Bei den Wahlen zum Landesvorstand der Partei wurde der Schauenburger Lasse Becker in das Partei\u00adpr\u00e4sidium, das gesch\u00e4ftsf\u00fchrende Gremium der Partei, gew\u00e4hlt. Der 25j\u00e4hrige Diplom-Volkswirt, der stellvertretender Vorsitzender der FDP-Kreistagsfraktion [&hellip;]<\/p>\n","protected":false},"author":1,"featured_media":0,"comment_status":"open","ping_status":"open","sticky":false,"template":"","format":"standard","meta":{"_jetpack_memberships_contains_paid_content":false,"footnotes":""},"categories":[5],"tags":[],"class_list":["post-245","post","type-post","status-publish","format-standard","hentry","category-ortsverband_aktiv"],"jetpack_featured_media_url":"","jetpack_sharing_enabled":true,"_links":{"self":[{"href":"https:\/\/www.fdp-fuldatal.de\/index.php?rest_route=\/wp\/v2\/posts\/245","targetHints":{"allow":["GET"]}}],"collection":[{"href":"https:\/\/www.fdp-fuldatal.de\/index.php?rest_route=\/wp\/v2\/posts"}],"about":[{"href":"https:\/\/www.fdp-fuldatal.de\/index.php?rest_route=\/wp\/v2\/types\/post"}],"author":[{"embeddable":true,"href":"https:\/\/www.fdp-fuldatal.de\/index.php?rest_route=\/wp\/v2\/users\/1"}],"replies":[{"embeddable":true,"href":"https:\/\/www.fdp-fuldatal.de\/index.php?rest_route=%2Fwp%2Fv2%2Fcomments&post=245"}],"version-history":[{"count":6,"href":"https:\/\/www.fdp-fuldatal.de\/index.php?rest_route=\/wp\/v2\/posts\/245\/revisions"}],"predecessor-version":[{"id":443,"href":"https:\/\/www.fdp-fuldatal.de\/index.php?rest_route=\/wp\/v2\/posts\/245\/revisions\/443"}],"wp:attachment":[{"href":"https:\/\/www.fdp-fuldatal.de\/index.php?rest_route=%2Fwp%2Fv2%2Fmedia&parent=245"}],"wp:term":[{"taxonomy":"category","embeddable":true,"href":"https:\/\/www.fdp-fuldatal.de\/index.php?rest_route=%2Fwp%2Fv2%2Fcategories&post=245"},{"taxonomy":"post_tag","embeddable":true,"href":"https:\/\/www.fdp-fuldatal.de\/index.php?rest_route=%2Fwp%2Fv2%2Ftags&post=245"}],"curies":[{"name":"wp","href":"https:\/\/api.w.org\/{rel}","templated":true}]}}