{"id":252,"date":"2008-11-27T09:50:27","date_gmt":"2008-11-27T09:50:27","guid":{"rendered":"http:\/\/www.fdp-fuldatal.com\/?p=252"},"modified":"2010-11-30T06:30:25","modified_gmt":"2010-11-30T06:30:25","slug":"besuch-der-bundespolizei","status":"publish","type":"post","link":"https:\/\/www.fdp-fuldatal.de\/?p=252","title":{"rendered":"Besuch der Bundespolizei"},"content":{"rendered":"<h2>Besuch der Bundespolizei<\/h2>\n<div>\n<div><img data-recalc-dims=\"1\" loading=\"lazy\" decoding=\"async\" class=\"alignleft\" style=\"border: 0pt none;\" title=\"Frau Dyckmanns, Herr Mozdzynski, Frau Werderich \" src=\"https:\/\/i0.wp.com\/fdp-fuldatal.de\/sitefiles\/pageimages\/57297\/1189111343-Bupol-002.jpg-thumb.jpg?resize=200%2C129\" border=\"0\" alt=\"Frau Dyckmanns, Herr Mozdzynski, Frau Werderich \" width=\"200\" height=\"129\" \/><\/div>\n<p>Unsere  Bundestagsabgeordnete M. Dyckmans, B\u00fcrgermeisterin Anne Werderich, der  FDP Ortsverband Fuldatal (Werner Ueckert und Maritta Trost) und  Vertreter der Jungen Liberalen aus Kassel, besuchten den  Bundespolizei-Standort Fuldatal.<\/p>\n<p>Empfangen vom Vizepr\u00e4sidenten der Bundespolizei-Direktion Fuldatal, Herr  Mozdzynski, wurden wir \u00fcber die neuesten Entwicklungen informiert. Im  Zuge der Neuorganisation der Bundespolizei wird der Standort in Fuldatal  zur Direktion der Bundesbereitschaftspolizei mit ca. 130 Besch\u00e4ftigten.  Als Standort f\u00fcr die Bundespolizei-Inspektion ist Kassel oder Gie\u00dfen im  Gespr\u00e4ch. Nach Abw\u00e4gung der Fakten und durch Interventionen von  Abgeordneten sehen die Chancen f\u00fcr Kassel sehr gut. Noch ungekl\u00e4rt ist  die Situation der zivilen Besch\u00e4ftigten bei der Bundespolizei in  Fuldatal. Es ist noch nicht sicher, wo die Mitarbeiter weiter  besch\u00e4ftigt werden, bei der Bundespolizei oder bei der Bundesanstalt f\u00fcr  Immobilienmanagement.<\/p>\n<div><img data-recalc-dims=\"1\" loading=\"lazy\" decoding=\"async\" class=\"alignleft\" style=\"border: 0pt none;\" title=\"Staffelbesichtigung\" src=\"https:\/\/i0.wp.com\/fdp-fuldatal.de\/sitefiles\/pageimages\/57297\/1189111493-Bupol-006.jpg-thumb.jpg?resize=113%2C150\" border=\"0\" alt=\"Staffelbesichtigung\" width=\"113\" height=\"150\" \/><\/div>\n<p>Wir  besichtigten anschlie\u00dfend die Flugstaffel. Der Leiter der Flugstaffel,  Herr Nagler, informierte uns \u00fcber den Generationswechsel der  Hubschrauber, die Straffung der eingesetzten Modelle, mit neuestem  technischen Stand und \u00fcber die vielf\u00e4ltigen Aufgaben der Fliegerstaffel  auch in Zusammenarbeit mit anderen Beh\u00f6rden und L\u00e4ndern. Wir  besichtigten mehrere Modelle und \u00fcberzeugten uns von dem vielseitigen  Einsatz des Arbeitspferdes Eurocopter 135 T2.<\/p>\n<p>Wir bedanken uns nochmals f\u00fcr den freundlichen Empfang.<\/p><\/div>\n","protected":false},"excerpt":{"rendered":"<p>Besuch der Bundespolizei Unsere Bundestagsabgeordnete M. Dyckmans, B\u00fcrgermeisterin Anne Werderich, der FDP Ortsverband Fuldatal (Werner Ueckert und Maritta Trost) und Vertreter der Jungen Liberalen aus Kassel, besuchten den Bundespolizei-Standort Fuldatal. Empfangen vom Vizepr\u00e4sidenten der Bundespolizei-Direktion Fuldatal, Herr Mozdzynski, wurden wir \u00fcber die neuesten Entwicklungen informiert. Im Zuge der Neuorganisation der Bundespolizei wird der Standort in [&hellip;]<\/p>\n","protected":false},"author":1,"featured_media":0,"comment_status":"open","ping_status":"open","sticky":false,"template":"","format":"standard","meta":{"_jetpack_memberships_contains_paid_content":false,"footnotes":""},"categories":[5],"tags":[],"class_list":["post-252","post","type-post","status-publish","format-standard","hentry","category-ortsverband_aktiv"],"jetpack_featured_media_url":"","jetpack_sharing_enabled":true,"_links":{"self":[{"href":"https:\/\/www.fdp-fuldatal.de\/index.php?rest_route=\/wp\/v2\/posts\/252","targetHints":{"allow":["GET"]}}],"collection":[{"href":"https:\/\/www.fdp-fuldatal.de\/index.php?rest_route=\/wp\/v2\/posts"}],"about":[{"href":"https:\/\/www.fdp-fuldatal.de\/index.php?rest_route=\/wp\/v2\/types\/post"}],"author":[{"embeddable":true,"href":"https:\/\/www.fdp-fuldatal.de\/index.php?rest_route=\/wp\/v2\/users\/1"}],"replies":[{"embeddable":true,"href":"https:\/\/www.fdp-fuldatal.de\/index.php?rest_route=%2Fwp%2Fv2%2Fcomments&post=252"}],"version-history":[{"count":5,"href":"https:\/\/www.fdp-fuldatal.de\/index.php?rest_route=\/wp\/v2\/posts\/252\/revisions"}],"predecessor-version":[{"id":445,"href":"https:\/\/www.fdp-fuldatal.de\/index.php?rest_route=\/wp\/v2\/posts\/252\/revisions\/445"}],"wp:attachment":[{"href":"https:\/\/www.fdp-fuldatal.de\/index.php?rest_route=%2Fwp%2Fv2%2Fmedia&parent=252"}],"wp:term":[{"taxonomy":"category","embeddable":true,"href":"https:\/\/www.fdp-fuldatal.de\/index.php?rest_route=%2Fwp%2Fv2%2Fcategories&post=252"},{"taxonomy":"post_tag","embeddable":true,"href":"https:\/\/www.fdp-fuldatal.de\/index.php?rest_route=%2Fwp%2Fv2%2Ftags&post=252"}],"curies":[{"name":"wp","href":"https:\/\/api.w.org\/{rel}","templated":true}]}}