{"id":32351,"date":"2015-01-18T11:20:01","date_gmt":"2015-01-18T10:20:01","guid":{"rendered":"http:\/\/www.fdp-fuldatal.de\/?p=32351"},"modified":"2015-01-18T11:20:01","modified_gmt":"2015-01-18T10:20:01","slug":"erloes-vom-weihnachtsmarkt-an-musikschule-gespendet","status":"publish","type":"post","link":"https:\/\/www.fdp-fuldatal.de\/?p=32351","title":{"rendered":"Erl\u00f6s vom Weihnachtsmarkt an Musikschule gespendet"},"content":{"rendered":"<p>Vorstand und Fraktion des Fuldataler FDP-Ortsverbandes fanden sich k\u00fcrzlich in Vellmar an einer Baustelle ein. Dort entsteht f\u00fcr die Schule\u00a0 f\u00fcr Musik und Tanz -Chroma- ein neues Schulgeb\u00e4ude. Die Schule wird auch von zahlreichen Kindern und Musiktreibenden mit entsprechenden Interessen und Begabungen aus Fuldatal besucht. Sie vermittelt mit Einzelgesang und Chor, Instrumenten-Lehre und Ballett-Tanz ein breites Angebot in der Musikerziehung.<\/p>\n<div id=\"attachment_32352\" style=\"width: 310px\" class=\"wp-caption aligncenter\"><a href=\"https:\/\/i0.wp.com\/www.fdp-fuldatal.de\/wp-content\/uploads\/2015\/01\/Croma-Spende-WeihMa.jpg?ssl=1\"><img data-recalc-dims=\"1\" loading=\"lazy\" decoding=\"async\" aria-describedby=\"caption-attachment-32352\" class=\"size-medium wp-image-32352\" src=\"https:\/\/i0.wp.com\/www.fdp-fuldatal.de\/wp-content\/uploads\/2015\/01\/Croma-Spende-WeihMa.jpg?resize=300%2C225&#038;ssl=1\" alt=\"Gerhard F\u00f6rster (li.) und Rudolf Czerny (re.) nahmen inmitten der Baustelle von den beiden Vorsitzenden der Fuldataler FDP den Erl\u00f6s aus dem Weihnachtsmarkt als Spende erfreut entgegen.\" width=\"300\" height=\"225\" srcset=\"https:\/\/i0.wp.com\/www.fdp-fuldatal.de\/wp-content\/uploads\/2015\/01\/Croma-Spende-WeihMa.jpg?resize=300%2C225&amp;ssl=1 300w, https:\/\/i0.wp.com\/www.fdp-fuldatal.de\/wp-content\/uploads\/2015\/01\/Croma-Spende-WeihMa.jpg?resize=1024%2C768&amp;ssl=1 1024w, https:\/\/i0.wp.com\/www.fdp-fuldatal.de\/wp-content\/uploads\/2015\/01\/Croma-Spende-WeihMa.jpg?resize=624%2C468&amp;ssl=1 624w, https:\/\/i0.wp.com\/www.fdp-fuldatal.de\/wp-content\/uploads\/2015\/01\/Croma-Spende-WeihMa.jpg?w=1296&amp;ssl=1 1296w\" sizes=\"auto, (max-width: 300px) 100vw, 300px\" \/><\/a><p id=\"caption-attachment-32352\" class=\"wp-caption-text\">Gerhard F\u00f6rster (li.) und Rudolf Czerny (re.) nahmen inmitten der Baustelle von den beiden Vorsitzenden der Fuldataler FDP den Erl\u00f6s aus dem Weihnachtsmarkt als Spende erfreut entgegen.<\/p><\/div>\n<p>Der Vorsitzende des Tr\u00e4gervereins Rudolf Czerny und der musikalische Leiter der Schule Gerhard F\u00f6rster nahmen die Gelegenheit, den G\u00e4sten den Stand der Bauma\u00dfnahmen und das Aufgabenspektrum der Schule zu erl\u00e4utern. Die Fuldataler Liberalen \u00fcberreichten sodann als Spende den Erl\u00f6s aus dem Gl\u00fchweinverkauf anl\u00e4sslich des letzten Fuldataler Weihnachtsmarktes. Das erfreute die Vertreter von -Chroma- au\u00dferordentlich, ist doch der Verein stets auf gro\u00dfe und kleine Spenden f\u00fcr seine Arbeit angewiesen.<\/p>\n","protected":false},"excerpt":{"rendered":"<p>Vorstand und Fraktion des Fuldataler FDP-Ortsverbandes fanden sich k\u00fcrzlich in Vellmar an einer Baustelle ein. Dort entsteht f\u00fcr die Schule\u00a0 f\u00fcr Musik und Tanz -Chroma- ein neues Schulgeb\u00e4ude. Die Schule wird auch von zahlreichen Kindern und Musiktreibenden mit entsprechenden Interessen und Begabungen aus Fuldatal besucht. Sie vermittelt mit Einzelgesang und Chor, Instrumenten-Lehre und Ballett-Tanz ein [&hellip;]<\/p>\n","protected":false},"author":88902,"featured_media":0,"comment_status":"closed","ping_status":"closed","sticky":false,"template":"","format":"standard","meta":{"_jetpack_memberships_contains_paid_content":false,"footnotes":""},"categories":[1],"tags":[],"class_list":["post-32351","post","type-post","status-publish","format-standard","hentry","category-allgemein"],"jetpack_featured_media_url":"","jetpack_sharing_enabled":true,"_links":{"self":[{"href":"https:\/\/www.fdp-fuldatal.de\/index.php?rest_route=\/wp\/v2\/posts\/32351","targetHints":{"allow":["GET"]}}],"collection":[{"href":"https:\/\/www.fdp-fuldatal.de\/index.php?rest_route=\/wp\/v2\/posts"}],"about":[{"href":"https:\/\/www.fdp-fuldatal.de\/index.php?rest_route=\/wp\/v2\/types\/post"}],"author":[{"embeddable":true,"href":"https:\/\/www.fdp-fuldatal.de\/index.php?rest_route=\/wp\/v2\/users\/88902"}],"replies":[{"embeddable":true,"href":"https:\/\/www.fdp-fuldatal.de\/index.php?rest_route=%2Fwp%2Fv2%2Fcomments&post=32351"}],"version-history":[{"count":1,"href":"https:\/\/www.fdp-fuldatal.de\/index.php?rest_route=\/wp\/v2\/posts\/32351\/revisions"}],"predecessor-version":[{"id":32353,"href":"https:\/\/www.fdp-fuldatal.de\/index.php?rest_route=\/wp\/v2\/posts\/32351\/revisions\/32353"}],"wp:attachment":[{"href":"https:\/\/www.fdp-fuldatal.de\/index.php?rest_route=%2Fwp%2Fv2%2Fmedia&parent=32351"}],"wp:term":[{"taxonomy":"category","embeddable":true,"href":"https:\/\/www.fdp-fuldatal.de\/index.php?rest_route=%2Fwp%2Fv2%2Fcategories&post=32351"},{"taxonomy":"post_tag","embeddable":true,"href":"https:\/\/www.fdp-fuldatal.de\/index.php?rest_route=%2Fwp%2Fv2%2Ftags&post=32351"}],"curies":[{"name":"wp","href":"https:\/\/api.w.org\/{rel}","templated":true}]}}