{"id":37602,"date":"2015-02-22T17:04:55","date_gmt":"2015-02-22T16:04:55","guid":{"rendered":"http:\/\/www.fdp-fuldatal.de\/?p=37602"},"modified":"2015-02-22T17:04:55","modified_gmt":"2015-02-22T16:04:55","slug":"nicht-nur-heringsessen-am-politischen-aschermittwoch","status":"publish","type":"post","link":"https:\/\/www.fdp-fuldatal.de\/?p=37602","title":{"rendered":"Nicht nur Heringsessen am Politischen Aschermittwoch."},"content":{"rendered":"<p>Der \u201epolitische Aschermittwoch\u201c vollzieht sich bei den Liberalen der Region Kassel in einem immer beliebter werdenden Rahmen. Mitglieder, F\u00f6rderer und Freunde werden traditionell eingeladen zu einem Heringsessen. Zus\u00e4tzlich\u00a0 wird ein Gastredner gebeten, der zu aktuellen Themen Stellung nimmt.<\/p>\n<p>Dreimal musste man vorab beim Landhaus Meister in Wolfsanger umdisponieren: Die Zahl der angemeldeten Interessenten stieg so an, dass die zun\u00e4chst vorgesehenen kleineren R\u00e4ume f\u00fcr die Veranstaltung nicht ausreichten. \u00dcber einhundert G\u00e4ste fanden sich schlie\u00dflich in den Gastr\u00e4umen zu Vortrag und Heringsschmaus ein.<\/p>\n<div id=\"attachment_37603\" style=\"width: 310px\" class=\"wp-caption aligncenter\"><a href=\"https:\/\/i0.wp.com\/www.fdp-fuldatal.de\/wp-content\/uploads\/2015\/02\/IMG_7232-Kopie.jpg?ssl=1\"><img data-recalc-dims=\"1\" loading=\"lazy\" decoding=\"async\" aria-describedby=\"caption-attachment-37603\" class=\"size-medium wp-image-37603\" src=\"https:\/\/i0.wp.com\/www.fdp-fuldatal.de\/wp-content\/uploads\/2015\/02\/IMG_7232-Kopie.jpg?resize=300%2C225&#038;ssl=1\" alt=\"Ehrengast Polizeipr\u00e4sident Eckhard Sauer (m.) und die Vorsitzenden der FDP-Verb\u00e4nde Kassel-Stadt, Matthias N\u00f6lke (l.), und Kassel-Land, Bj\u00f6rn S\u00e4nger (r.)\" width=\"300\" height=\"225\" srcset=\"https:\/\/i0.wp.com\/www.fdp-fuldatal.de\/wp-content\/uploads\/2015\/02\/IMG_7232-Kopie.jpg?resize=300%2C225&amp;ssl=1 300w, https:\/\/i0.wp.com\/www.fdp-fuldatal.de\/wp-content\/uploads\/2015\/02\/IMG_7232-Kopie.jpg?resize=1024%2C768&amp;ssl=1 1024w, https:\/\/i0.wp.com\/www.fdp-fuldatal.de\/wp-content\/uploads\/2015\/02\/IMG_7232-Kopie.jpg?resize=624%2C468&amp;ssl=1 624w, https:\/\/i0.wp.com\/www.fdp-fuldatal.de\/wp-content\/uploads\/2015\/02\/IMG_7232-Kopie.jpg?w=1440&amp;ssl=1 1440w, https:\/\/i0.wp.com\/www.fdp-fuldatal.de\/wp-content\/uploads\/2015\/02\/IMG_7232-Kopie.jpg?w=1250&amp;ssl=1 1250w\" sizes=\"auto, (max-width: 300px) 100vw, 300px\" \/><\/a><p id=\"caption-attachment-37603\" class=\"wp-caption-text\">Ehrengast Polizeipr\u00e4sident Eckhard Sauer (m.) und die Vorsitzenden der FDP-Verb\u00e4nde Kassel-Stadt, Matthias N\u00f6lke (l.), und Kassel-Land, Bj\u00f6rn S\u00e4nger (r.)<\/p><\/div>\n<p>Als Ehrengast hatte es Kassels Polizeipr\u00e4sident Eckhard Sauer \u00fcbernommen, zum Thema \u201eBedroht der Islamismus unsere Sicherheit \u2013 Mythos oder Realit\u00e4t? zu referieren. Die hohe Aktualit\u00e4t dieser Problematik hatte wohl die hohe Zahl der Besucher angezogen. Der Referent betonte zun\u00e4chst mit Nachdruck die Unterscheidung zwischen dem Islam als Glaubensgemeinschaft und der radikalen Erscheinung des politisch-religi\u00f6sen Islamismus, aus dem mittlerweile der radikale Salafismus hervorgegangen ist. Ein Blick auf Karten zeigt die Bedrohlichkeit des fanatischen \u201eIslamischen Staates\u201c, den das Bestreben treibt, die gesamte nah\u00f6stliche Welt und deren Randgebiete unter seine Herrschaft zu bringen. Angst und Schrecken sind dabei die Methoden. Tag f\u00fcr Tag, Woche f\u00fcr Woche verlieren viele Hunderte von Muslimen unterschiedlicher Ausrichtung dadurch ihr Leben. In der westlichen Welt und damit auch bei uns kommt es immer wieder zu m\u00f6rderischen \u00dcbergriffen. \u201eKein Mythos sondern durchaus Realit\u00e4t\u201c zog der Referent sein Fazit. Eine kurze Diskussion erg\u00e4nzte die Ausf\u00fchrungen des Polizeipr\u00e4sidenten.\u00a0Viele Teilnehmer gingen sehr nachdenklich nach Hause.<\/p>\n<div id=\"attachment_37605\" style=\"width: 310px\" class=\"wp-caption aligncenter\"><a href=\"https:\/\/i0.wp.com\/www.fdp-fuldatal.de\/wp-content\/uploads\/2015\/02\/IMG_7235-Kopie.jpg?ssl=1\"><img data-recalc-dims=\"1\" loading=\"lazy\" decoding=\"async\" aria-describedby=\"caption-attachment-37605\" class=\"size-medium wp-image-37605\" src=\"https:\/\/i0.wp.com\/www.fdp-fuldatal.de\/wp-content\/uploads\/2015\/02\/IMG_7235-Kopie.jpg?resize=300%2C225&#038;ssl=1\" alt=\"Fuldataler Liberale stellten sich am Ende der Veranstaltung mit Kreisvorsitzendem Bj\u00f6rn S\u00e4nger (2.v.l.) zu einem Erinnerungsfoto.\" width=\"300\" height=\"225\" srcset=\"https:\/\/i0.wp.com\/www.fdp-fuldatal.de\/wp-content\/uploads\/2015\/02\/IMG_7235-Kopie.jpg?resize=300%2C225&amp;ssl=1 300w, https:\/\/i0.wp.com\/www.fdp-fuldatal.de\/wp-content\/uploads\/2015\/02\/IMG_7235-Kopie.jpg?resize=1024%2C768&amp;ssl=1 1024w, https:\/\/i0.wp.com\/www.fdp-fuldatal.de\/wp-content\/uploads\/2015\/02\/IMG_7235-Kopie.jpg?resize=624%2C468&amp;ssl=1 624w, https:\/\/i0.wp.com\/www.fdp-fuldatal.de\/wp-content\/uploads\/2015\/02\/IMG_7235-Kopie.jpg?w=1440&amp;ssl=1 1440w, https:\/\/i0.wp.com\/www.fdp-fuldatal.de\/wp-content\/uploads\/2015\/02\/IMG_7235-Kopie.jpg?w=1250&amp;ssl=1 1250w\" sizes=\"auto, (max-width: 300px) 100vw, 300px\" \/><\/a><p id=\"caption-attachment-37605\" class=\"wp-caption-text\">Fuldataler Liberale stellten sich am Ende der Veranstaltung mit Kreisvorsitzendem Bj\u00f6rn S\u00e4nger (2.v.l.) zu einem Erinnerungsfoto.<\/p><\/div>\n","protected":false},"excerpt":{"rendered":"<p>Der \u201epolitische Aschermittwoch\u201c vollzieht sich bei den Liberalen der Region Kassel in einem immer beliebter werdenden Rahmen. Mitglieder, F\u00f6rderer und Freunde werden traditionell eingeladen zu einem Heringsessen. Zus\u00e4tzlich\u00a0 wird ein Gastredner gebeten, der zu aktuellen Themen Stellung nimmt. Dreimal musste man vorab beim Landhaus Meister in Wolfsanger umdisponieren: Die Zahl der angemeldeten Interessenten stieg so [&hellip;]<\/p>\n","protected":false},"author":88902,"featured_media":0,"comment_status":"closed","ping_status":"closed","sticky":false,"template":"","format":"standard","meta":{"_jetpack_memberships_contains_paid_content":false,"footnotes":""},"categories":[1],"tags":[],"class_list":["post-37602","post","type-post","status-publish","format-standard","hentry","category-allgemein"],"jetpack_featured_media_url":"","jetpack_sharing_enabled":true,"_links":{"self":[{"href":"https:\/\/www.fdp-fuldatal.de\/index.php?rest_route=\/wp\/v2\/posts\/37602","targetHints":{"allow":["GET"]}}],"collection":[{"href":"https:\/\/www.fdp-fuldatal.de\/index.php?rest_route=\/wp\/v2\/posts"}],"about":[{"href":"https:\/\/www.fdp-fuldatal.de\/index.php?rest_route=\/wp\/v2\/types\/post"}],"author":[{"embeddable":true,"href":"https:\/\/www.fdp-fuldatal.de\/index.php?rest_route=\/wp\/v2\/users\/88902"}],"replies":[{"embeddable":true,"href":"https:\/\/www.fdp-fuldatal.de\/index.php?rest_route=%2Fwp%2Fv2%2Fcomments&post=37602"}],"version-history":[{"count":1,"href":"https:\/\/www.fdp-fuldatal.de\/index.php?rest_route=\/wp\/v2\/posts\/37602\/revisions"}],"predecessor-version":[{"id":37607,"href":"https:\/\/www.fdp-fuldatal.de\/index.php?rest_route=\/wp\/v2\/posts\/37602\/revisions\/37607"}],"wp:attachment":[{"href":"https:\/\/www.fdp-fuldatal.de\/index.php?rest_route=%2Fwp%2Fv2%2Fmedia&parent=37602"}],"wp:term":[{"taxonomy":"category","embeddable":true,"href":"https:\/\/www.fdp-fuldatal.de\/index.php?rest_route=%2Fwp%2Fv2%2Fcategories&post=37602"},{"taxonomy":"post_tag","embeddable":true,"href":"https:\/\/www.fdp-fuldatal.de\/index.php?rest_route=%2Fwp%2Fv2%2Ftags&post=37602"}],"curies":[{"name":"wp","href":"https:\/\/api.w.org\/{rel}","templated":true}]}}