{"id":39573,"date":"2015-03-08T21:50:59","date_gmt":"2015-03-08T20:50:59","guid":{"rendered":"http:\/\/www.fdp-fuldatal.de\/?p=39573"},"modified":"2015-03-08T21:50:59","modified_gmt":"2015-03-08T20:50:59","slug":"hochaktuelle-thematik-bei-der-liberalen-runde","status":"publish","type":"post","link":"https:\/\/www.fdp-fuldatal.de\/?p=39573","title":{"rendered":"Hochaktuelle Thematik bei der \u201eLiberalen Runde\u201c"},"content":{"rendered":"<p>K\u00fcrzlich hatte der FDP-Kreisverband Kassel-Land Mitglieder und Freunde wieder zu seiner traditionellen \u201eLiberalen Runde\u201c eingeladen: \u201eDeutschland in Aufruhr \u2013 Meinungsfreiheit um jeden Preis und der Islam geh\u00f6rt zu Deutschland\u201c lautete diesmal die Thematik, die offenbar bewirkte, dass das Konferenzlokal in Ahnatal fast \u201eaus den N\u00e4hten platze\u201c, weitere Tische und St\u00fchle mussten noch rasch aus anderen R\u00e4umen herbeigeschafft werden.<\/p>\n<p>Sven Makoschey, der stellvertretende Vorsitzende der Freien Demokraten im Landkreis Kasssel, moderierte die abendliche Gespr\u00e4chsrunde, zu der sich Pfarrer Andreas Herrmann, Referent f\u00fcr Christlich-Islamischen Dialog, der Kasseler Imam der Ahmadiyya Muslim Jamaat, und Mario Klotzsche, der Regionalbeauftragte der FDP-Landtagsfraktion Hessen, eingefunden hatten. Der Stuhl des angefragten Vertreters von KAGIDA b lieb allerdings leer.<\/p>\n<p>Die brisante Thematik rief reichlich Fragen\u00a0 der zahlreichen Zuh\u00f6rer hervor, die durch Beitr\u00e4ge der Mitglieder des Podiums aus ihrer Sicht beantwortet wurden. Dadurch entstand eine rege Diskussion zu einem komplizierten Sachverhalt mit zahlreichen divergierenden Argumentationen. Einig war man sich rasch dar\u00fcber, zwischen dem Begriff des Islam als Religion und der verzerrten Auslegung des Islamismus zu unterscheiden, aus dem mittlerweile der radikale Salafismus, religi\u00f6ser Terror sowie ein gewaltt\u00e4tiger und brutaler Staatanspruch hervorgegangen sind. Mittlerweile t\u00e4glich fallen diesem in den islamischen Staaten viele Hunderte Menschenleben, meistens Muslime, zum Opfer. Auch in die westliche Welt sind die Untaten vorgedrungen. Alle Anwesenden verurteilten einhellig diese Entwicklung.<\/p>\n<div id=\"attachment_39574\" style=\"width: 310px\" class=\"wp-caption aligncenter\"><a href=\"https:\/\/i0.wp.com\/www.fdp-fuldatal.de\/wp-content\/uploads\/2015\/03\/Liberale-Rude-201503-Foto-1.jpg?ssl=1\"><img data-recalc-dims=\"1\" loading=\"lazy\" decoding=\"async\" aria-describedby=\"caption-attachment-39574\" class=\"size-medium wp-image-39574\" src=\"https:\/\/i0.wp.com\/www.fdp-fuldatal.de\/wp-content\/uploads\/2015\/03\/Liberale-Rude-201503-Foto-1.jpg?resize=300%2C169&#038;ssl=1\" alt=\"Unter der Moderation von stv. FDP-Vorsitzenden Sven Makoschey (r.) diskutierten\u00a0 Pfarrer Andreas Herrmann, Referent bei der ev. Landeskirche, Imam Safeer Nasir von einer der muslimischen Gemeinden in Kassel, und Mario Klotzsche, FDP-Regionalbeauftragter, (v.l.n.r.) und beantworteten die regen Fragen der Zuh\u00f6rer.\" width=\"300\" height=\"169\" srcset=\"https:\/\/i0.wp.com\/www.fdp-fuldatal.de\/wp-content\/uploads\/2015\/03\/Liberale-Rude-201503-Foto-1.jpg?resize=300%2C169&amp;ssl=1 300w, https:\/\/i0.wp.com\/www.fdp-fuldatal.de\/wp-content\/uploads\/2015\/03\/Liberale-Rude-201503-Foto-1.jpg?w=1024&amp;ssl=1 1024w, https:\/\/i0.wp.com\/www.fdp-fuldatal.de\/wp-content\/uploads\/2015\/03\/Liberale-Rude-201503-Foto-1.jpg?resize=624%2C351&amp;ssl=1 624w\" sizes=\"auto, (max-width: 300px) 100vw, 300px\" \/><\/a><p id=\"caption-attachment-39574\" class=\"wp-caption-text\">Unter der Moderation von stv. FDP-Vorsitzenden Sven Makoschey (r.) diskutierten\u00a0 Pfarrer Andreas Herrmann, Referent bei der ev. Landeskirche, Imam Safeer Nasir von einer der muslimischen Gemeinden in Kassel, und Mario Klotzsche, FDP-Regionalbeauftragter, (v.l.n.r.) und beantworteten die regen Fragen der Zuh\u00f6rer.<\/p><\/div>\n<p>In einem weiteren Diskussionskomplex wurde die Frage aufgeworfen, wie die in\u00a0 Deutschland und Europa lebenden Muslime mit ihrer fremdartigen Kultur mit den Lebensformen der westlichen Zivilisation in Einklang gebracht werden k\u00f6nnen. Dazu geh\u00f6ren wohl auch das Wissen und das Kennenlernen der verschiedenen Arten der Lebensgestaltung von Muslimen in unserer Umgebung. Es erging u.a. eine Einladung zum Besuch einer Moschee, zu der gro\u00dfes Interesse bei den Zuh\u00f6rern bekundet wurde.<\/p>\n<p>Die Anwesenden, auch aus Fuldatal, erlebten einen h\u00f6chst anregenden und aufschlussreichen Diskussionsabend, der sicherlich noch l\u00e4nger nachwirken wird.<\/p>\n","protected":false},"excerpt":{"rendered":"<p>K\u00fcrzlich hatte der FDP-Kreisverband Kassel-Land Mitglieder und Freunde wieder zu seiner traditionellen \u201eLiberalen Runde\u201c eingeladen: \u201eDeutschland in Aufruhr \u2013 Meinungsfreiheit um jeden Preis und der Islam geh\u00f6rt zu Deutschland\u201c lautete diesmal die Thematik, die offenbar bewirkte, dass das Konferenzlokal in Ahnatal fast \u201eaus den N\u00e4hten platze\u201c, weitere Tische und St\u00fchle mussten noch rasch aus anderen [&hellip;]<\/p>\n","protected":false},"author":88902,"featured_media":0,"comment_status":"closed","ping_status":"closed","sticky":false,"template":"","format":"standard","meta":{"_jetpack_memberships_contains_paid_content":false,"footnotes":""},"categories":[1],"tags":[],"class_list":["post-39573","post","type-post","status-publish","format-standard","hentry","category-allgemein"],"jetpack_featured_media_url":"","jetpack_sharing_enabled":true,"_links":{"self":[{"href":"https:\/\/www.fdp-fuldatal.de\/index.php?rest_route=\/wp\/v2\/posts\/39573","targetHints":{"allow":["GET"]}}],"collection":[{"href":"https:\/\/www.fdp-fuldatal.de\/index.php?rest_route=\/wp\/v2\/posts"}],"about":[{"href":"https:\/\/www.fdp-fuldatal.de\/index.php?rest_route=\/wp\/v2\/types\/post"}],"author":[{"embeddable":true,"href":"https:\/\/www.fdp-fuldatal.de\/index.php?rest_route=\/wp\/v2\/users\/88902"}],"replies":[{"embeddable":true,"href":"https:\/\/www.fdp-fuldatal.de\/index.php?rest_route=%2Fwp%2Fv2%2Fcomments&post=39573"}],"version-history":[{"count":1,"href":"https:\/\/www.fdp-fuldatal.de\/index.php?rest_route=\/wp\/v2\/posts\/39573\/revisions"}],"predecessor-version":[{"id":39575,"href":"https:\/\/www.fdp-fuldatal.de\/index.php?rest_route=\/wp\/v2\/posts\/39573\/revisions\/39575"}],"wp:attachment":[{"href":"https:\/\/www.fdp-fuldatal.de\/index.php?rest_route=%2Fwp%2Fv2%2Fmedia&parent=39573"}],"wp:term":[{"taxonomy":"category","embeddable":true,"href":"https:\/\/www.fdp-fuldatal.de\/index.php?rest_route=%2Fwp%2Fv2%2Fcategories&post=39573"},{"taxonomy":"post_tag","embeddable":true,"href":"https:\/\/www.fdp-fuldatal.de\/index.php?rest_route=%2Fwp%2Fv2%2Ftags&post=39573"}],"curies":[{"name":"wp","href":"https:\/\/api.w.org\/{rel}","templated":true}]}}