{"id":466820,"date":"2022-08-28T17:32:00","date_gmt":"2022-08-28T15:32:00","guid":{"rendered":"https:\/\/www.fdp-fuldatal.de\/?p=466820"},"modified":"2022-08-28T17:32:02","modified_gmt":"2022-08-28T15:32:02","slug":"fuldataler-ortsverband-hat-wieder-ein-mitglied-im-kreisvorstand","status":"publish","type":"post","link":"https:\/\/www.fdp-fuldatal.de\/?p=466820","title":{"rendered":"Fuldataler Ortsverband hat wieder ein Mitglied im Kreisvorstand"},"content":{"rendered":"\n<p>Nach seinem Eintritt in den FDP Ortsverband Fuldatal und damit nat\u00fcrlich auch in den Kreisverband Kassel-Land, wurde Heinz Becker auch in den Kreisvorstand gew\u00e4hlt.<\/p>\n\n\n\n<figure class=\"wp-block-image size-large\"><a href=\"https:\/\/i0.wp.com\/www.fdp-fuldatal.de\/wp-content\/uploads\/2022\/08\/Heinz_Becker.jpg?ssl=1\"><img data-recalc-dims=\"1\" loading=\"lazy\" decoding=\"async\" width=\"625\" height=\"742\" src=\"https:\/\/i0.wp.com\/www.fdp-fuldatal.de\/wp-content\/uploads\/2022\/08\/Heinz_Becker.jpg?resize=625%2C742&#038;ssl=1\" alt=\"\" class=\"wp-image-466823\" srcset=\"https:\/\/i0.wp.com\/www.fdp-fuldatal.de\/wp-content\/uploads\/2022\/08\/Heinz_Becker.jpg?resize=863%2C1024&amp;ssl=1 863w, https:\/\/i0.wp.com\/www.fdp-fuldatal.de\/wp-content\/uploads\/2022\/08\/Heinz_Becker.jpg?resize=253%2C300&amp;ssl=1 253w, https:\/\/i0.wp.com\/www.fdp-fuldatal.de\/wp-content\/uploads\/2022\/08\/Heinz_Becker.jpg?resize=768%2C911&amp;ssl=1 768w, https:\/\/i0.wp.com\/www.fdp-fuldatal.de\/wp-content\/uploads\/2022\/08\/Heinz_Becker.jpg?resize=624%2C740&amp;ssl=1 624w, https:\/\/i0.wp.com\/www.fdp-fuldatal.de\/wp-content\/uploads\/2022\/08\/Heinz_Becker.jpg?w=1080&amp;ssl=1 1080w\" sizes=\"auto, (max-width: 625px) 100vw, 625px\" \/><\/a><\/figure>\n\n\n\n<p>Heute stellt sich der Fuldataler einmal vor:<\/p>\n\n\n\n<p>Ich bin Heinz Becker, humorvoller, optimistischer Exzentriker, 56 Jahre alt, in Kanada geboren und aufgewachsen, mit 19 den Freiheitsdrang gesp\u00fcrt, und infolgedessen alleine nach Deutschland gereist. Ich habe 5 Kinder aus erster Ehe. Bis jetzt habe ich 4 Berufe gelernt in verschiedenen Berufsfeldern bis in die mittlere F\u00fchrungsebene gearbeitet und fr\u00f6ne gl\u00fcckselig mindestens 6 Hobbys. Ich glaube an konstantes Lernen mit pers\u00f6nlichem Wachstum und bin stark durch Neugier und Wissensbegierde motiviert.<\/p>\n\n\n\n<p>Ich bin FDP Mitglied geworden weil:<\/p>\n\n\n\n<ol class=\"wp-block-list\" type=\"1\"><li>Der Gedanke der Freiheit mich befl\u00fcgelt -&gt; soviel Regierung wie n\u00f6tig, so wenig wie m\u00f6glich damit Menschen eigene Verantwortung f\u00fcr ihr Leben \u00dcbernehmen, und selbstst\u00e4ndig ohne Zwang Entscheidungen treffen k\u00f6nnen.&nbsp;<\/li><li>Deutschland eine moderne, digitale Wirtschaft braucht, damit wir Spitzenleistungen auf den Weltmarkt bringen und wir daf\u00fcr gut bezahlt werden.<\/li><li>Deutschland Migrationsland geworden ist durch die Tatsache, dass der Deutsche in den letzten 35 Jahren zu wenig Kinder bekommen hat und dadurch unsere Gesellschaft \u00fcberaltert ist. Uns fehlen jetzt schon qualifizierte Fachleute, die ben\u00f6tigt werden, um unsere Wirtschaft voranzubringen und unseren weltweit einmaligen Sozialstaat zu erhalten. Wir brauchen daher einen kontrollierten Zugang von Einwanderern basiert auf ein Punktesystem wie z. B. in Kanada, wo hochqualifizierte Berufe Zugang zum Arbeitsmarkt haben und da wo ein Mangel an Mitarbeiter besteht, Arbeitskr\u00e4fte bevorzugt eine Aufenthaltsgenehmigung und Arbeitsvisum erhalten. Dabei muss nachgewiesen werden, dass der entsprechende Arbeitsplatz nicht von&nbsp; im Inland lebende Personen besetzt werden konnte.<\/li><\/ol>\n","protected":false},"excerpt":{"rendered":"<p>Nach seinem Eintritt in den FDP Ortsverband Fuldatal und damit nat\u00fcrlich auch in den Kreisverband Kassel-Land, wurde Heinz Becker auch in den Kreisvorstand gew\u00e4hlt. Heute stellt sich der Fuldataler einmal vor: Ich bin Heinz Becker, humorvoller, optimistischer Exzentriker, 56 Jahre alt, in Kanada geboren und aufgewachsen, mit 19 den Freiheitsdrang gesp\u00fcrt, und infolgedessen alleine nach [&hellip;]<\/p>\n","protected":false},"author":88902,"featured_media":0,"comment_status":"closed","ping_status":"closed","sticky":false,"template":"","format":"standard","meta":{"_jetpack_memberships_contains_paid_content":false,"footnotes":""},"categories":[1],"tags":[],"class_list":["post-466820","post","type-post","status-publish","format-standard","hentry","category-allgemein"],"jetpack_featured_media_url":"","jetpack_sharing_enabled":true,"_links":{"self":[{"href":"https:\/\/www.fdp-fuldatal.de\/index.php?rest_route=\/wp\/v2\/posts\/466820","targetHints":{"allow":["GET"]}}],"collection":[{"href":"https:\/\/www.fdp-fuldatal.de\/index.php?rest_route=\/wp\/v2\/posts"}],"about":[{"href":"https:\/\/www.fdp-fuldatal.de\/index.php?rest_route=\/wp\/v2\/types\/post"}],"author":[{"embeddable":true,"href":"https:\/\/www.fdp-fuldatal.de\/index.php?rest_route=\/wp\/v2\/users\/88902"}],"replies":[{"embeddable":true,"href":"https:\/\/www.fdp-fuldatal.de\/index.php?rest_route=%2Fwp%2Fv2%2Fcomments&post=466820"}],"version-history":[{"count":1,"href":"https:\/\/www.fdp-fuldatal.de\/index.php?rest_route=\/wp\/v2\/posts\/466820\/revisions"}],"predecessor-version":[{"id":466829,"href":"https:\/\/www.fdp-fuldatal.de\/index.php?rest_route=\/wp\/v2\/posts\/466820\/revisions\/466829"}],"wp:attachment":[{"href":"https:\/\/www.fdp-fuldatal.de\/index.php?rest_route=%2Fwp%2Fv2%2Fmedia&parent=466820"}],"wp:term":[{"taxonomy":"category","embeddable":true,"href":"https:\/\/www.fdp-fuldatal.de\/index.php?rest_route=%2Fwp%2Fv2%2Fcategories&post=466820"},{"taxonomy":"post_tag","embeddable":true,"href":"https:\/\/www.fdp-fuldatal.de\/index.php?rest_route=%2Fwp%2Fv2%2Ftags&post=466820"}],"curies":[{"name":"wp","href":"https:\/\/api.w.org\/{rel}","templated":true}]}}