{"id":474054,"date":"2022-09-11T18:35:47","date_gmt":"2022-09-11T16:35:47","guid":{"rendered":"https:\/\/www.fdp-fuldatal.de\/?p=474054"},"modified":"2022-09-11T18:35:50","modified_gmt":"2022-09-11T16:35:50","slug":"hanne-wurde-70","status":"publish","type":"post","link":"https:\/\/www.fdp-fuldatal.de\/?p=474054","title":{"rendered":"Hanne wurde 70!"},"content":{"rendered":"\n<p>Diesen Sommer wurde unsere Hanne 70 Jahre!<\/p>\n\n\n\n<p>Im Rahmen der letzten Mitgliederversammlung \u00fcberreichte aus diesem Anlass die Vorsitzende der Freien Demokraten in Fuldatal einen Blumengru\u00df. Bei gutem Wetter konnten die Gl\u00fcckw\u00fcnsche auf der Terrasse von Rosis Wiesenstuben \u00fcbermittelt werden.<\/p>\n\n\n\n<figure class=\"wp-block-image size-large\"><a href=\"https:\/\/i0.wp.com\/www.fdp-fuldatal.de\/wp-content\/uploads\/2022\/09\/Hanne_70-scaled.jpg?ssl=1\"><img data-recalc-dims=\"1\" loading=\"lazy\" decoding=\"async\" width=\"625\" height=\"469\" src=\"https:\/\/i0.wp.com\/www.fdp-fuldatal.de\/wp-content\/uploads\/2022\/09\/Hanne_70.jpg?resize=625%2C469&#038;ssl=1\" alt=\"\" class=\"wp-image-474072\" srcset=\"https:\/\/i0.wp.com\/www.fdp-fuldatal.de\/wp-content\/uploads\/2022\/09\/Hanne_70-scaled.jpg?resize=1024%2C768&amp;ssl=1 1024w, https:\/\/i0.wp.com\/www.fdp-fuldatal.de\/wp-content\/uploads\/2022\/09\/Hanne_70-scaled.jpg?resize=300%2C225&amp;ssl=1 300w, https:\/\/i0.wp.com\/www.fdp-fuldatal.de\/wp-content\/uploads\/2022\/09\/Hanne_70-scaled.jpg?resize=768%2C576&amp;ssl=1 768w, https:\/\/i0.wp.com\/www.fdp-fuldatal.de\/wp-content\/uploads\/2022\/09\/Hanne_70-scaled.jpg?resize=1536%2C1152&amp;ssl=1 1536w, https:\/\/i0.wp.com\/www.fdp-fuldatal.de\/wp-content\/uploads\/2022\/09\/Hanne_70-scaled.jpg?resize=2048%2C1536&amp;ssl=1 2048w, https:\/\/i0.wp.com\/www.fdp-fuldatal.de\/wp-content\/uploads\/2022\/09\/Hanne_70-scaled.jpg?resize=624%2C468&amp;ssl=1 624w, https:\/\/i0.wp.com\/www.fdp-fuldatal.de\/wp-content\/uploads\/2022\/09\/Hanne_70-scaled.jpg?w=1250&amp;ssl=1 1250w, https:\/\/i0.wp.com\/www.fdp-fuldatal.de\/wp-content\/uploads\/2022\/09\/Hanne_70-scaled.jpg?w=1875&amp;ssl=1 1875w\" sizes=\"auto, (max-width: 625px) 100vw, 625px\" \/><\/a><\/figure>\n\n\n\n<p>Hannelore Wolf ist ein langj\u00e4hriges Mitglied der Liberalen und bekam erst im letzten Jahr die Silbe Ehrennadel der FDP f\u00fcr 40 Jahre liberales Engagements \u00fcberreicht. F\u00fcr den Ortsverband in Fuldatal ist Hanne immer da. Sei es ein paar Jahre als Gemeindevertreterin, als langj\u00e4hrige Schatzmeisterin oder einfach nur so bei Veranstaltungen und um sich auszutauschen.<\/p>\n\n\n\n<p>Wie freuen uns Dich an unserer Seite zu haben, liebe Hanne.<\/p>\n","protected":false},"excerpt":{"rendered":"<p>Diesen Sommer wurde unsere Hanne 70 Jahre! Im Rahmen der letzten Mitgliederversammlung \u00fcberreichte aus diesem Anlass die Vorsitzende der Freien Demokraten in Fuldatal einen Blumengru\u00df. Bei gutem Wetter konnten die Gl\u00fcckw\u00fcnsche auf der Terrasse von Rosis Wiesenstuben \u00fcbermittelt werden. Hannelore Wolf ist ein langj\u00e4hriges Mitglied der Liberalen und bekam erst im letzten Jahr die Silbe [&hellip;]<\/p>\n","protected":false},"author":88902,"featured_media":0,"comment_status":"closed","ping_status":"closed","sticky":false,"template":"","format":"standard","meta":{"_jetpack_memberships_contains_paid_content":false,"footnotes":""},"categories":[1],"tags":[],"class_list":["post-474054","post","type-post","status-publish","format-standard","hentry","category-allgemein"],"jetpack_featured_media_url":"","jetpack_sharing_enabled":true,"_links":{"self":[{"href":"https:\/\/www.fdp-fuldatal.de\/index.php?rest_route=\/wp\/v2\/posts\/474054","targetHints":{"allow":["GET"]}}],"collection":[{"href":"https:\/\/www.fdp-fuldatal.de\/index.php?rest_route=\/wp\/v2\/posts"}],"about":[{"href":"https:\/\/www.fdp-fuldatal.de\/index.php?rest_route=\/wp\/v2\/types\/post"}],"author":[{"embeddable":true,"href":"https:\/\/www.fdp-fuldatal.de\/index.php?rest_route=\/wp\/v2\/users\/88902"}],"replies":[{"embeddable":true,"href":"https:\/\/www.fdp-fuldatal.de\/index.php?rest_route=%2Fwp%2Fv2%2Fcomments&post=474054"}],"version-history":[{"count":1,"href":"https:\/\/www.fdp-fuldatal.de\/index.php?rest_route=\/wp\/v2\/posts\/474054\/revisions"}],"predecessor-version":[{"id":474077,"href":"https:\/\/www.fdp-fuldatal.de\/index.php?rest_route=\/wp\/v2\/posts\/474054\/revisions\/474077"}],"wp:attachment":[{"href":"https:\/\/www.fdp-fuldatal.de\/index.php?rest_route=%2Fwp%2Fv2%2Fmedia&parent=474054"}],"wp:term":[{"taxonomy":"category","embeddable":true,"href":"https:\/\/www.fdp-fuldatal.de\/index.php?rest_route=%2Fwp%2Fv2%2Fcategories&post=474054"},{"taxonomy":"post_tag","embeddable":true,"href":"https:\/\/www.fdp-fuldatal.de\/index.php?rest_route=%2Fwp%2Fv2%2Ftags&post=474054"}],"curies":[{"name":"wp","href":"https:\/\/api.w.org\/{rel}","templated":true}]}}