{"id":56722,"date":"2015-07-29T20:36:27","date_gmt":"2015-07-29T18:36:27","guid":{"rendered":"http:\/\/www.fdp-fuldatal.de\/?p=56722"},"modified":"2015-07-29T20:36:27","modified_gmt":"2015-07-29T18:36:27","slug":"traditionelles-sommertreffen-matjes-essen-bei-den-liberalen","status":"publish","type":"post","link":"https:\/\/www.fdp-fuldatal.de\/?p=56722","title":{"rendered":"Traditionelles Sommertreffen: Matjes-Essen bei den Liberalen."},"content":{"rendered":"<p>Seit einigen Jahren richtet der FDP-Verband der Stadt Kassel f\u00fcr Mitglieder, Freunde und F\u00f6rderer aus der Region ein Treffen mit einem z\u00fcnftigen Matjes-Essen in dem bekannten Fischrestaurant Nordsee aus. Zugleich wird auch ein Gastredner aus \u00d6ffentlichkeit oder Parteif\u00fchrung geladen.<\/p>\n<div id=\"attachment_56724\" style=\"width: 310px\" class=\"wp-caption aligncenter\"><a href=\"https:\/\/i0.wp.com\/www.fdp-fuldatal.de\/wp-content\/uploads\/2015\/07\/SommerHering2015.jpg?ssl=1\"><img data-recalc-dims=\"1\" loading=\"lazy\" decoding=\"async\" aria-describedby=\"caption-attachment-56724\" class=\"size-medium wp-image-56724\" src=\"https:\/\/i0.wp.com\/www.fdp-fuldatal.de\/wp-content\/uploads\/2015\/07\/SommerHering2015.jpg?resize=300%2C225&#038;ssl=1\" alt=\"Mitglieder der Fuldataler FDP stellten sich mit Angeh\u00f6rigen des Kreisvorstands und dem Ehrengast Konstantin Kuhl, Bundesvorsitzender der Jungen Liberalen (3.v.l.), am Rande des Sommertreffens dem Fotografen.\" width=\"300\" height=\"225\" srcset=\"https:\/\/i0.wp.com\/www.fdp-fuldatal.de\/wp-content\/uploads\/2015\/07\/SommerHering2015.jpg?resize=300%2C225&amp;ssl=1 300w, https:\/\/i0.wp.com\/www.fdp-fuldatal.de\/wp-content\/uploads\/2015\/07\/SommerHering2015.jpg?resize=1024%2C768&amp;ssl=1 1024w, https:\/\/i0.wp.com\/www.fdp-fuldatal.de\/wp-content\/uploads\/2015\/07\/SommerHering2015.jpg?resize=624%2C468&amp;ssl=1 624w, https:\/\/i0.wp.com\/www.fdp-fuldatal.de\/wp-content\/uploads\/2015\/07\/SommerHering2015.jpg?w=1250&amp;ssl=1 1250w, https:\/\/i0.wp.com\/www.fdp-fuldatal.de\/wp-content\/uploads\/2015\/07\/SommerHering2015.jpg?w=1875&amp;ssl=1 1875w\" sizes=\"auto, (max-width: 300px) 100vw, 300px\" \/><\/a><p id=\"caption-attachment-56724\" class=\"wp-caption-text\">Mitglieder der Fuldataler FDP stellten sich mit Angeh\u00f6rigen des Kreisvorstands und dem Ehrengast Konstantin Kuhl, Bundesvorsitzender der Jungen Liberalen (3.v.l.), am Rande des Sommertreffens dem Fotografen.<\/p><\/div>\n<p>In diesem Jahr konnte der Bundesvorsitzende der Jungen Liberalen, Konstantin Kuhle aus Hamburg, daf\u00fcr gewonnen werden. In brillanter Redemanier nahm er sich ein Kernthema liberaler Politik vor: \u201eChancen in einer freien Gesellschaft\u201c. Die Zuh\u00f6rer lernten einen leidenschaftlichen Politiker kennen, der kenntnisreich, engagiert und mit Eloquenz die f\u00fcr eine erneuerte FDP anstehenden Themen und Probleme in einer Politik f\u00fcr unsere B\u00fcrger aufgriff. Dabei ist es ihm wichtig, dass auf Bundesebene die linksliberalen und wirtschaftliberalen Fl\u00fcgel zusammenwirken. Er griff aber auch die Bedeutung der liberalen Kr\u00e4fte in den Ortsverb\u00e4nden der Kommunen auf.<\/p>\n<p>Das anschlie\u00dfende Matjes-B\u00fcffet, von Genie\u00dfern als ausgesprochen lecker empfunden, gab f\u00fcr etliche Besucher Gelegenheit, mit dem Ehrengast in engagierte Einzelgespr\u00e4che zu kommen. Auch Teilnehmer aus Fuldatal erlebten einen anregenden politischen Abend.<\/p>\n","protected":false},"excerpt":{"rendered":"<p>Seit einigen Jahren richtet der FDP-Verband der Stadt Kassel f\u00fcr Mitglieder, Freunde und F\u00f6rderer aus der Region ein Treffen mit einem z\u00fcnftigen Matjes-Essen in dem bekannten Fischrestaurant Nordsee aus. Zugleich wird auch ein Gastredner aus \u00d6ffentlichkeit oder Parteif\u00fchrung geladen. In diesem Jahr konnte der Bundesvorsitzende der Jungen Liberalen, Konstantin Kuhle aus Hamburg, daf\u00fcr gewonnen werden. [&hellip;]<\/p>\n","protected":false},"author":88902,"featured_media":0,"comment_status":"closed","ping_status":"closed","sticky":false,"template":"","format":"standard","meta":{"_jetpack_memberships_contains_paid_content":false,"footnotes":""},"categories":[1],"tags":[],"class_list":["post-56722","post","type-post","status-publish","format-standard","hentry","category-allgemein"],"jetpack_featured_media_url":"","jetpack_sharing_enabled":true,"_links":{"self":[{"href":"https:\/\/www.fdp-fuldatal.de\/index.php?rest_route=\/wp\/v2\/posts\/56722","targetHints":{"allow":["GET"]}}],"collection":[{"href":"https:\/\/www.fdp-fuldatal.de\/index.php?rest_route=\/wp\/v2\/posts"}],"about":[{"href":"https:\/\/www.fdp-fuldatal.de\/index.php?rest_route=\/wp\/v2\/types\/post"}],"author":[{"embeddable":true,"href":"https:\/\/www.fdp-fuldatal.de\/index.php?rest_route=\/wp\/v2\/users\/88902"}],"replies":[{"embeddable":true,"href":"https:\/\/www.fdp-fuldatal.de\/index.php?rest_route=%2Fwp%2Fv2%2Fcomments&post=56722"}],"version-history":[{"count":1,"href":"https:\/\/www.fdp-fuldatal.de\/index.php?rest_route=\/wp\/v2\/posts\/56722\/revisions"}],"predecessor-version":[{"id":56725,"href":"https:\/\/www.fdp-fuldatal.de\/index.php?rest_route=\/wp\/v2\/posts\/56722\/revisions\/56725"}],"wp:attachment":[{"href":"https:\/\/www.fdp-fuldatal.de\/index.php?rest_route=%2Fwp%2Fv2%2Fmedia&parent=56722"}],"wp:term":[{"taxonomy":"category","embeddable":true,"href":"https:\/\/www.fdp-fuldatal.de\/index.php?rest_route=%2Fwp%2Fv2%2Fcategories&post=56722"},{"taxonomy":"post_tag","embeddable":true,"href":"https:\/\/www.fdp-fuldatal.de\/index.php?rest_route=%2Fwp%2Fv2%2Ftags&post=56722"}],"curies":[{"name":"wp","href":"https:\/\/api.w.org\/{rel}","templated":true}]}}