{"id":642881,"date":"2023-07-16T22:38:09","date_gmt":"2023-07-16T20:38:09","guid":{"rendered":"https:\/\/www.fdp-fuldatal.de\/?p=642881"},"modified":"2023-07-16T22:38:12","modified_gmt":"2023-07-16T20:38:12","slug":"nach-mehreren-jahren-gebotener-zwangspause-wieder-sommerempfang-der-fdp-region-kassel","status":"publish","type":"post","link":"https:\/\/www.fdp-fuldatal.de\/?p=642881","title":{"rendered":"Nach mehreren Jahren gebotener Zwangspause wieder Sommerempfang der FDP-Region Kassel"},"content":{"rendered":"\n<p>Mitglieder der Fuldataler Liberalen folgten k\u00fcrzlich der Einladung des FDP-Stadtverbandes Kassel zum traditionellen Sommerempfang, der nach Jahren von Zwangsunterbrechungen wiederbelebt wurde. Eingeladen hatte Matthias N\u00f6lke als Vorsitzender der FDP Kassel-Stadt erneut in das Nordsee-Restaurant. Er hatte als Ehrengast und Redner Otto Fricke, der haushaltspolitische Sprecher der FDP-Fraktion aus Berlin gewinnen k\u00f6nnen. Dieser wartete bei den zahlreich erschienen und gespannten Zuh\u00f6rern in teils launigen Worten mit interessanten Einblicken in das parlamentarische Haushaltsgeschehen des Bundestages auf.<\/p>\n\n\n\n<figure class=\"wp-block-image size-large\"><a href=\"https:\/\/i0.wp.com\/www.fdp-fuldatal.de\/wp-content\/uploads\/2023\/07\/Sommerfest2023_1.jpeg?ssl=1\"><img data-recalc-dims=\"1\" loading=\"lazy\" decoding=\"async\" width=\"625\" height=\"794\" src=\"https:\/\/i0.wp.com\/www.fdp-fuldatal.de\/wp-content\/uploads\/2023\/07\/Sommerfest2023_1.jpeg?resize=625%2C794&#038;ssl=1\" alt=\"\" class=\"wp-image-642892\" srcset=\"https:\/\/i0.wp.com\/www.fdp-fuldatal.de\/wp-content\/uploads\/2023\/07\/Sommerfest2023_1.jpeg?resize=806%2C1024&amp;ssl=1 806w, https:\/\/i0.wp.com\/www.fdp-fuldatal.de\/wp-content\/uploads\/2023\/07\/Sommerfest2023_1.jpeg?resize=236%2C300&amp;ssl=1 236w, https:\/\/i0.wp.com\/www.fdp-fuldatal.de\/wp-content\/uploads\/2023\/07\/Sommerfest2023_1.jpeg?resize=768%2C976&amp;ssl=1 768w, https:\/\/i0.wp.com\/www.fdp-fuldatal.de\/wp-content\/uploads\/2023\/07\/Sommerfest2023_1.jpeg?resize=1208%2C1536&amp;ssl=1 1208w, https:\/\/i0.wp.com\/www.fdp-fuldatal.de\/wp-content\/uploads\/2023\/07\/Sommerfest2023_1.jpeg?resize=624%2C793&amp;ssl=1 624w, https:\/\/i0.wp.com\/www.fdp-fuldatal.de\/wp-content\/uploads\/2023\/07\/Sommerfest2023_1.jpeg?w=1225&amp;ssl=1 1225w\" sizes=\"auto, (max-width: 625px) 100vw, 625px\" \/><\/a><figcaption class=\"wp-element-caption\">Einige Fuldataler Liberale stellten sich zur Erinnerung an einen denkw\u00fcrdigen Abend dem Fotografen mit MdB Otto Fricke (m.) und Matthias N\u00f6lke von der Kasseler FDP-Fraktion (r.)<br><\/figcaption><\/figure>\n\n\n\n<p>Zentrale Gedanken in seinen Ausf\u00fchrungen galten der scheinbaren Politikverdrossenheit bei zahlreichen Menschen, die er als Verdrossenheit \u00fcber Politiker und dem Handeln von Regierungsverantwortlichen deutete. Er warnte nachdr\u00fccklich und vehement davor, das Staatsgebilde der Demokratie daf\u00fcr verantwortlich zu machen und sich von dieser unserer Staatsform abzuwenden.<\/p>\n\n\n\n<p>Auch auf die Schwierigkeiten f\u00fcr die FDP in der regierenden \u201eAmpel-Koalition\u201c ging er ein. Er warnte vor blo\u00dfen Streitereien und verwies auf die Notwendigkeit der offenen Diskussion, die zu L\u00f6sungen, auch durch Kompromisse f\u00fchren m\u00fcssen. Echte Demokratie eben. Beim Betrachten der Haushaltssituation und des j\u00e4hrlichen Steueraufkommens verwies er auf die Verteilung: 38 % erhalte der Bund, 42 % die L\u00e4nder, 14 % gehen an die Kommunen und 6 % erh\u00e4lt Europa. Das m\u00fcsse allen bewusst sein und geh\u00f6re auch in die politische Bildung der Heranwachsenden.<\/p>\n\n\n\n<p>Im Anschluss an die \u00fcber einst\u00fcndigen Darlegungen wartete ein \u00fcppiges Matjes-Buffet, von vielen erwartet, auf die G\u00e4ste. Bei diversen k\u00fchlen Getr\u00e4nken ergaben sich zahlreiche Gespr\u00e4che \u00fcber die Ausf\u00fchrungen des Referenten.<\/p>\n\n\n\n<figure class=\"wp-block-image size-large\"><a href=\"https:\/\/i0.wp.com\/www.fdp-fuldatal.de\/wp-content\/uploads\/2023\/07\/Sommerfest2023_2.jpeg?ssl=1\"><img data-recalc-dims=\"1\" loading=\"lazy\" decoding=\"async\" width=\"623\" height=\"1024\" src=\"https:\/\/i0.wp.com\/www.fdp-fuldatal.de\/wp-content\/uploads\/2023\/07\/Sommerfest2023_2.jpeg?resize=623%2C1024&#038;ssl=1\" alt=\"\" class=\"wp-image-642896\" srcset=\"https:\/\/i0.wp.com\/www.fdp-fuldatal.de\/wp-content\/uploads\/2023\/07\/Sommerfest2023_2.jpeg?resize=623%2C1024&amp;ssl=1 623w, https:\/\/i0.wp.com\/www.fdp-fuldatal.de\/wp-content\/uploads\/2023\/07\/Sommerfest2023_2.jpeg?resize=183%2C300&amp;ssl=1 183w, https:\/\/i0.wp.com\/www.fdp-fuldatal.de\/wp-content\/uploads\/2023\/07\/Sommerfest2023_2.jpeg?resize=768%2C1262&amp;ssl=1 768w, https:\/\/i0.wp.com\/www.fdp-fuldatal.de\/wp-content\/uploads\/2023\/07\/Sommerfest2023_2.jpeg?resize=624%2C1026&amp;ssl=1 624w, https:\/\/i0.wp.com\/www.fdp-fuldatal.de\/wp-content\/uploads\/2023\/07\/Sommerfest2023_2.jpeg?w=819&amp;ssl=1 819w\" sizes=\"auto, (max-width: 623px) 100vw, 623px\" \/><\/a><figcaption class=\"wp-element-caption\">Fuldatals FDP-Vorsitzende und ehemalige B\u00fcrgermeisterin Anne Werderich (m.) nutzte die Veranstaltung der FDP-Region Kassel, um zusammen mit FDP-Kreisvorsitzenden von Kassel Stadt, Matthias N\u00f6lke (l.), der langj\u00e4hrigen Fuldataler Gemeindevertreterin Maritta Trost zu ihrem 75. Geburtstag im Vormonat zu gratulieren. Diese hatte den Tag mit ihrer Familie au\u00dferhalb verbracht.<\/figcaption><\/figure>\n","protected":false},"excerpt":{"rendered":"<p>Mitglieder der Fuldataler Liberalen folgten k\u00fcrzlich der Einladung des FDP-Stadtverbandes Kassel zum traditionellen Sommerempfang, der nach Jahren von Zwangsunterbrechungen wiederbelebt wurde. Eingeladen hatte Matthias N\u00f6lke als Vorsitzender der FDP Kassel-Stadt erneut in das Nordsee-Restaurant. Er hatte als Ehrengast und Redner Otto Fricke, der haushaltspolitische Sprecher der FDP-Fraktion aus Berlin gewinnen k\u00f6nnen. Dieser wartete bei den [&hellip;]<\/p>\n","protected":false},"author":88902,"featured_media":0,"comment_status":"closed","ping_status":"closed","sticky":false,"template":"","format":"standard","meta":{"_jetpack_memberships_contains_paid_content":false,"footnotes":""},"categories":[1],"tags":[],"class_list":["post-642881","post","type-post","status-publish","format-standard","hentry","category-allgemein"],"jetpack_featured_media_url":"","jetpack_sharing_enabled":true,"_links":{"self":[{"href":"https:\/\/www.fdp-fuldatal.de\/index.php?rest_route=\/wp\/v2\/posts\/642881","targetHints":{"allow":["GET"]}}],"collection":[{"href":"https:\/\/www.fdp-fuldatal.de\/index.php?rest_route=\/wp\/v2\/posts"}],"about":[{"href":"https:\/\/www.fdp-fuldatal.de\/index.php?rest_route=\/wp\/v2\/types\/post"}],"author":[{"embeddable":true,"href":"https:\/\/www.fdp-fuldatal.de\/index.php?rest_route=\/wp\/v2\/users\/88902"}],"replies":[{"embeddable":true,"href":"https:\/\/www.fdp-fuldatal.de\/index.php?rest_route=%2Fwp%2Fv2%2Fcomments&post=642881"}],"version-history":[{"count":1,"href":"https:\/\/www.fdp-fuldatal.de\/index.php?rest_route=\/wp\/v2\/posts\/642881\/revisions"}],"predecessor-version":[{"id":642905,"href":"https:\/\/www.fdp-fuldatal.de\/index.php?rest_route=\/wp\/v2\/posts\/642881\/revisions\/642905"}],"wp:attachment":[{"href":"https:\/\/www.fdp-fuldatal.de\/index.php?rest_route=%2Fwp%2Fv2%2Fmedia&parent=642881"}],"wp:term":[{"taxonomy":"category","embeddable":true,"href":"https:\/\/www.fdp-fuldatal.de\/index.php?rest_route=%2Fwp%2Fv2%2Fcategories&post=642881"},{"taxonomy":"post_tag","embeddable":true,"href":"https:\/\/www.fdp-fuldatal.de\/index.php?rest_route=%2Fwp%2Fv2%2Ftags&post=642881"}],"curies":[{"name":"wp","href":"https:\/\/api.w.org\/{rel}","templated":true}]}}