{"id":700357,"date":"2023-10-30T15:33:28","date_gmt":"2023-10-30T14:33:28","guid":{"rendered":"https:\/\/www.fdp-fuldatal.de\/?p=700357"},"modified":"2023-10-30T15:33:31","modified_gmt":"2023-10-30T14:33:31","slug":"eine-quelle-der-inspiration-85-jahre","status":"publish","type":"post","link":"https:\/\/www.fdp-fuldatal.de\/?p=700357","title":{"rendered":"Eine Quelle der Inspiration \u2013 85 Jahre"},"content":{"rendered":"\n<p>Im Oktober feierte Fritz Bode seinen 85. Geburtstag und der FDP Ortsverband \u00fcberbrachte die Gl\u00fcckw\u00fcnsche seiner Mitglieder.<\/p>\n\n\n\n<figure class=\"wp-block-image size-large\"><a href=\"https:\/\/i0.wp.com\/www.fdp-fuldatal.de\/wp-content\/uploads\/2023\/10\/Fritze2023_85-scaled.jpg?ssl=1\"><img data-recalc-dims=\"1\" loading=\"lazy\" decoding=\"async\" width=\"625\" height=\"833\" src=\"https:\/\/i0.wp.com\/www.fdp-fuldatal.de\/wp-content\/uploads\/2023\/10\/Fritze2023_85.jpg?resize=625%2C833&#038;ssl=1\" alt=\"\" class=\"wp-image-700368\" srcset=\"https:\/\/i0.wp.com\/www.fdp-fuldatal.de\/wp-content\/uploads\/2023\/10\/Fritze2023_85-scaled.jpg?resize=768%2C1024&amp;ssl=1 768w, https:\/\/i0.wp.com\/www.fdp-fuldatal.de\/wp-content\/uploads\/2023\/10\/Fritze2023_85-scaled.jpg?resize=225%2C300&amp;ssl=1 225w, https:\/\/i0.wp.com\/www.fdp-fuldatal.de\/wp-content\/uploads\/2023\/10\/Fritze2023_85-scaled.jpg?resize=1152%2C1536&amp;ssl=1 1152w, https:\/\/i0.wp.com\/www.fdp-fuldatal.de\/wp-content\/uploads\/2023\/10\/Fritze2023_85-scaled.jpg?resize=1536%2C2048&amp;ssl=1 1536w, https:\/\/i0.wp.com\/www.fdp-fuldatal.de\/wp-content\/uploads\/2023\/10\/Fritze2023_85-scaled.jpg?resize=624%2C832&amp;ssl=1 624w, https:\/\/i0.wp.com\/www.fdp-fuldatal.de\/wp-content\/uploads\/2023\/10\/Fritze2023_85-scaled.jpg?w=1920&amp;ssl=1 1920w, https:\/\/i0.wp.com\/www.fdp-fuldatal.de\/wp-content\/uploads\/2023\/10\/Fritze2023_85-scaled.jpg?w=1250&amp;ssl=1 1250w\" sizes=\"auto, (max-width: 625px) 100vw, 625px\" \/><\/a><\/figure>\n\n\n\n<p>Besonderen Dank gilt Fritz Bode f\u00fcr seine langj\u00e4hrige Unterst\u00fctzung des Ortsverbandes und seiner tatkr\u00e4ftigen Unterst\u00fctzung bei allen Aktivit\u00e4ten.<\/p>\n\n\n\n<p>Fritz Bode ist immer eine Inspiration zu unterschiedlichsten Themen. Die Fuldataler Liberalen freuen sich auf viele weitere gemeinsame Jahre.<\/p>\n\n\n\n<p>Danke<\/p>\n","protected":false},"excerpt":{"rendered":"<p>Im Oktober feierte Fritz Bode seinen 85. Geburtstag und der FDP Ortsverband \u00fcberbrachte die Gl\u00fcckw\u00fcnsche seiner Mitglieder. Besonderen Dank gilt Fritz Bode f\u00fcr seine langj\u00e4hrige Unterst\u00fctzung des Ortsverbandes und seiner tatkr\u00e4ftigen Unterst\u00fctzung bei allen Aktivit\u00e4ten. Fritz Bode ist immer eine Inspiration zu unterschiedlichsten Themen. Die Fuldataler Liberalen freuen sich auf viele weitere gemeinsame Jahre. Danke<\/p>\n","protected":false},"author":88902,"featured_media":0,"comment_status":"closed","ping_status":"closed","sticky":false,"template":"","format":"standard","meta":{"_jetpack_memberships_contains_paid_content":false,"footnotes":""},"categories":[1],"tags":[],"class_list":["post-700357","post","type-post","status-publish","format-standard","hentry","category-allgemein"],"jetpack_featured_media_url":"","jetpack_sharing_enabled":true,"_links":{"self":[{"href":"https:\/\/www.fdp-fuldatal.de\/index.php?rest_route=\/wp\/v2\/posts\/700357","targetHints":{"allow":["GET"]}}],"collection":[{"href":"https:\/\/www.fdp-fuldatal.de\/index.php?rest_route=\/wp\/v2\/posts"}],"about":[{"href":"https:\/\/www.fdp-fuldatal.de\/index.php?rest_route=\/wp\/v2\/types\/post"}],"author":[{"embeddable":true,"href":"https:\/\/www.fdp-fuldatal.de\/index.php?rest_route=\/wp\/v2\/users\/88902"}],"replies":[{"embeddable":true,"href":"https:\/\/www.fdp-fuldatal.de\/index.php?rest_route=%2Fwp%2Fv2%2Fcomments&post=700357"}],"version-history":[{"count":1,"href":"https:\/\/www.fdp-fuldatal.de\/index.php?rest_route=\/wp\/v2\/posts\/700357\/revisions"}],"predecessor-version":[{"id":700381,"href":"https:\/\/www.fdp-fuldatal.de\/index.php?rest_route=\/wp\/v2\/posts\/700357\/revisions\/700381"}],"wp:attachment":[{"href":"https:\/\/www.fdp-fuldatal.de\/index.php?rest_route=%2Fwp%2Fv2%2Fmedia&parent=700357"}],"wp:term":[{"taxonomy":"category","embeddable":true,"href":"https:\/\/www.fdp-fuldatal.de\/index.php?rest_route=%2Fwp%2Fv2%2Fcategories&post=700357"},{"taxonomy":"post_tag","embeddable":true,"href":"https:\/\/www.fdp-fuldatal.de\/index.php?rest_route=%2Fwp%2Fv2%2Ftags&post=700357"}],"curies":[{"name":"wp","href":"https:\/\/api.w.org\/{rel}","templated":true}]}}