{"id":750274,"date":"2024-01-29T18:56:57","date_gmt":"2024-01-29T17:56:57","guid":{"rendered":"https:\/\/www.fdp-fuldatal.de\/?p=750274"},"modified":"2024-01-29T19:10:03","modified_gmt":"2024-01-29T18:10:03","slug":"neuer-vorstand-3","status":"publish","type":"post","link":"https:\/\/www.fdp-fuldatal.de\/?p=750274","title":{"rendered":"Neuer Vorstand"},"content":{"rendered":"\n<p>Auf seiner diesj\u00e4hrigen Jahreshauptversammlung hat der FDP Ortsverband Fuldatal einen neuen Vorstand gew\u00e4hlt.<\/p>\n\n\n\n<figure class=\"wp-block-image size-full\"><a href=\"https:\/\/i0.wp.com\/www.fdp-fuldatal.de\/wp-content\/uploads\/2024\/01\/188cc3a2-1528-4e89-89fd-7482b2b4da3c.jpg?ssl=1\"><img data-recalc-dims=\"1\" loading=\"lazy\" decoding=\"async\" width=\"625\" height=\"469\" src=\"https:\/\/i0.wp.com\/www.fdp-fuldatal.de\/wp-content\/uploads\/2024\/01\/188cc3a2-1528-4e89-89fd-7482b2b4da3c-edited.jpg?resize=625%2C469&#038;ssl=1\" alt=\"\" class=\"wp-image-750293\" srcset=\"https:\/\/i0.wp.com\/www.fdp-fuldatal.de\/wp-content\/uploads\/2024\/01\/188cc3a2-1528-4e89-89fd-7482b2b4da3c-edited.jpg?w=833&amp;ssl=1 833w, https:\/\/i0.wp.com\/www.fdp-fuldatal.de\/wp-content\/uploads\/2024\/01\/188cc3a2-1528-4e89-89fd-7482b2b4da3c-edited.jpg?resize=300%2C225&amp;ssl=1 300w, https:\/\/i0.wp.com\/www.fdp-fuldatal.de\/wp-content\/uploads\/2024\/01\/188cc3a2-1528-4e89-89fd-7482b2b4da3c-edited.jpg?resize=768%2C576&amp;ssl=1 768w, https:\/\/i0.wp.com\/www.fdp-fuldatal.de\/wp-content\/uploads\/2024\/01\/188cc3a2-1528-4e89-89fd-7482b2b4da3c-edited.jpg?resize=624%2C468&amp;ssl=1 624w\" sizes=\"auto, (max-width: 625px) 100vw, 625px\" \/><\/a><figcaption class=\"wp-element-caption\">Vorstand (v.l. stehend): Raymund Schaad, Thorsten R\u00f6der, Anne Werderich (ehemalige Vorsitzende) Heinz Becker, J\u00f6rg Wagner<\/figcaption><\/figure>\n\n\n\n<p>Den Vorsitz hatte die letzten Jahre Anne Werderich inne, die sich nun auch hier in den wohlverdienten Ruhestand verabschiedet.<\/p>\n\n\n\n<p>In geselliger Runde aus Freunden und G\u00e4sten konnten die Mitglieder entspannt Ihren neue Vorstand w\u00e4hlen.<\/p>\n\n\n\n<figure class=\"wp-block-image size-large\"><a href=\"https:\/\/i0.wp.com\/www.fdp-fuldatal.de\/wp-content\/uploads\/2024\/01\/Trost2-scaled.jpg?ssl=1\"><img data-recalc-dims=\"1\" loading=\"lazy\" decoding=\"async\" width=\"625\" height=\"469\" src=\"https:\/\/i0.wp.com\/www.fdp-fuldatal.de\/wp-content\/uploads\/2024\/01\/Trost2.jpg?resize=625%2C469&#038;ssl=1\" alt=\"\" class=\"wp-image-750342\" srcset=\"https:\/\/i0.wp.com\/www.fdp-fuldatal.de\/wp-content\/uploads\/2024\/01\/Trost2-scaled.jpg?resize=1024%2C768&amp;ssl=1 1024w, https:\/\/i0.wp.com\/www.fdp-fuldatal.de\/wp-content\/uploads\/2024\/01\/Trost2-scaled.jpg?resize=300%2C225&amp;ssl=1 300w, https:\/\/i0.wp.com\/www.fdp-fuldatal.de\/wp-content\/uploads\/2024\/01\/Trost2-scaled.jpg?resize=768%2C576&amp;ssl=1 768w, https:\/\/i0.wp.com\/www.fdp-fuldatal.de\/wp-content\/uploads\/2024\/01\/Trost2-scaled.jpg?resize=1536%2C1152&amp;ssl=1 1536w, https:\/\/i0.wp.com\/www.fdp-fuldatal.de\/wp-content\/uploads\/2024\/01\/Trost2-scaled.jpg?resize=2048%2C1536&amp;ssl=1 2048w, https:\/\/i0.wp.com\/www.fdp-fuldatal.de\/wp-content\/uploads\/2024\/01\/Trost2-scaled.jpg?resize=624%2C468&amp;ssl=1 624w, https:\/\/i0.wp.com\/www.fdp-fuldatal.de\/wp-content\/uploads\/2024\/01\/Trost2-scaled.jpg?w=1250&amp;ssl=1 1250w, https:\/\/i0.wp.com\/www.fdp-fuldatal.de\/wp-content\/uploads\/2024\/01\/Trost2-scaled.jpg?w=1875&amp;ssl=1 1875w\" sizes=\"auto, (max-width: 625px) 100vw, 625px\" \/><\/a><\/figure>\n\n\n\n<p>Den Vorsitz \u00fcbernimmt Raymund Schaad, der auch seit fast 3 Jahren f\u00fcr die FDP im Gemeindevorstand sitzt. Der langj\u00e4hrige stellvertretende Vorsitzende  J\u00f6rg Wagner, Mitglied in der Gemeindevertretung, wurde wiedergew\u00e4hlt. So auch Thorsten R\u00f6der, als Schatzmeister, der auch Fraktionsvorsitzender in der Gemeindevertretung ist. Komplettiert wird der Vorstand durch unser Kreisvorstandsmitglied Heinz Becker, als Beisitzer.<\/p>\n\n\n\n<p>Wir w\u00fcnschen dem neu gew\u00e4hlten Vorstand alles Gute und freuen uns auf die Zusammenarbeit. <\/p>\n","protected":false},"excerpt":{"rendered":"<p>Auf seiner diesj\u00e4hrigen Jahreshauptversammlung hat der FDP Ortsverband Fuldatal einen neuen Vorstand gew\u00e4hlt. Den Vorsitz hatte die letzten Jahre Anne Werderich inne, die sich nun auch hier in den wohlverdienten Ruhestand verabschiedet. In geselliger Runde aus Freunden und G\u00e4sten konnten die Mitglieder entspannt Ihren neue Vorstand w\u00e4hlen. Den Vorsitz \u00fcbernimmt Raymund Schaad, der auch seit [&hellip;]<\/p>\n","protected":false},"author":88902,"featured_media":0,"comment_status":"closed","ping_status":"closed","sticky":false,"template":"","format":"standard","meta":{"_jetpack_memberships_contains_paid_content":false,"footnotes":""},"categories":[1],"tags":[],"class_list":["post-750274","post","type-post","status-publish","format-standard","hentry","category-allgemein"],"jetpack_featured_media_url":"","jetpack_sharing_enabled":true,"_links":{"self":[{"href":"https:\/\/www.fdp-fuldatal.de\/index.php?rest_route=\/wp\/v2\/posts\/750274","targetHints":{"allow":["GET"]}}],"collection":[{"href":"https:\/\/www.fdp-fuldatal.de\/index.php?rest_route=\/wp\/v2\/posts"}],"about":[{"href":"https:\/\/www.fdp-fuldatal.de\/index.php?rest_route=\/wp\/v2\/types\/post"}],"author":[{"embeddable":true,"href":"https:\/\/www.fdp-fuldatal.de\/index.php?rest_route=\/wp\/v2\/users\/88902"}],"replies":[{"embeddable":true,"href":"https:\/\/www.fdp-fuldatal.de\/index.php?rest_route=%2Fwp%2Fv2%2Fcomments&post=750274"}],"version-history":[{"count":5,"href":"https:\/\/www.fdp-fuldatal.de\/index.php?rest_route=\/wp\/v2\/posts\/750274\/revisions"}],"predecessor-version":[{"id":750399,"href":"https:\/\/www.fdp-fuldatal.de\/index.php?rest_route=\/wp\/v2\/posts\/750274\/revisions\/750399"}],"wp:attachment":[{"href":"https:\/\/www.fdp-fuldatal.de\/index.php?rest_route=%2Fwp%2Fv2%2Fmedia&parent=750274"}],"wp:term":[{"taxonomy":"category","embeddable":true,"href":"https:\/\/www.fdp-fuldatal.de\/index.php?rest_route=%2Fwp%2Fv2%2Fcategories&post=750274"},{"taxonomy":"post_tag","embeddable":true,"href":"https:\/\/www.fdp-fuldatal.de\/index.php?rest_route=%2Fwp%2Fv2%2Ftags&post=750274"}],"curies":[{"name":"wp","href":"https:\/\/api.w.org\/{rel}","templated":true}]}}