{"id":75401,"date":"2015-12-20T20:38:26","date_gmt":"2015-12-20T19:38:26","guid":{"rendered":"http:\/\/www.fdp-fuldatal.de\/?p=75401"},"modified":"2015-12-20T20:38:26","modified_gmt":"2015-12-20T19:38:26","slug":"kommunalwahlprogramm-2016","status":"publish","type":"post","link":"https:\/\/www.fdp-fuldatal.de\/?p=75401","title":{"rendered":"Kommunalwahlprogramm 2016"},"content":{"rendered":"<p><img data-recalc-dims=\"1\" loading=\"lazy\" decoding=\"async\" class=\" wp-image-75386 alignleft\" src=\"https:\/\/i0.wp.com\/www.fdp-fuldatal.de\/wp-content\/uploads\/2015\/12\/Bildschirmfoto-2015-12-20-um-20.11.47.png?resize=331%2C253&#038;ssl=1\" alt=\"Bildschirmfoto 2015-12-20 um 20.11.47\" width=\"331\" height=\"253\" srcset=\"https:\/\/i0.wp.com\/www.fdp-fuldatal.de\/wp-content\/uploads\/2015\/12\/Bildschirmfoto-2015-12-20-um-20.11.47.png?resize=300%2C229&amp;ssl=1 300w, https:\/\/i0.wp.com\/www.fdp-fuldatal.de\/wp-content\/uploads\/2015\/12\/Bildschirmfoto-2015-12-20-um-20.11.47.png?w=338&amp;ssl=1 338w\" sizes=\"auto, (max-width: 331px) 100vw, 331px\" \/>Liebe B\u00fcrgerinnen und B\u00fcrger,<\/p>\n<p>die Gemeinde Fuldatal profitiert von ihrer Randlage zur Stadt Kassel. Die sich daraus ergebenden Chancen sollten wir nutzen, um gemeinsam mit Ihnen die notwendigen Aufgaben zu bew\u00e4ltigen.<\/p>\n<p>Die Kommunalwahl am 6. M\u00e4rz 2016 gibt Ihnen die M\u00f6glichkeit durch Ihre Stimme die\u00a0 Politik in der Gemeinde positiv zu beeinflussen.<\/p>\n<p>Die FDP begleitet seit Jahrzehnten konstruktiv die kommunale Entwicklung der Gemeinde Fuldatal. Dies wollen wir auch weiterhin mit Ihrer Unterst\u00fctzung tun. Dazu ben\u00f6tigen wir Ihre Stimme bei der Kommunalwahl.<\/p>\n<p><a href=\"https:\/\/www.fdp-fuldatal.de\/wp-content\/uploads\/2015\/12\/Kommunalwahlprogramm2016_Flyer_V4_final_besser2.pdf\">Kommunalwahlprogramm 2016_Flye<\/a>r<\/p>\n<p><a href=\"https:\/\/www.fdp-fuldatal.de\/wp-content\/uploads\/2015\/12\/Wahlprogramm_2016_lang_V3_final_besser.pdf\">Kommunalwahlprogramm_2016_lang<\/a><\/p>\n","protected":false},"excerpt":{"rendered":"<p>Liebe B\u00fcrgerinnen und B\u00fcrger, die Gemeinde Fuldatal profitiert von ihrer Randlage zur Stadt Kassel. Die sich daraus ergebenden Chancen sollten wir nutzen, um gemeinsam mit Ihnen die notwendigen Aufgaben zu bew\u00e4ltigen. Die Kommunalwahl am 6. M\u00e4rz 2016 gibt Ihnen die M\u00f6glichkeit durch Ihre Stimme die\u00a0 Politik in der Gemeinde positiv zu beeinflussen. Die FDP begleitet [&hellip;]<\/p>\n","protected":false},"author":88902,"featured_media":0,"comment_status":"closed","ping_status":"closed","sticky":false,"template":"","format":"standard","meta":{"_jetpack_memberships_contains_paid_content":false,"footnotes":""},"categories":[1],"tags":[],"class_list":["post-75401","post","type-post","status-publish","format-standard","hentry","category-allgemein"],"jetpack_featured_media_url":"","jetpack_sharing_enabled":true,"_links":{"self":[{"href":"https:\/\/www.fdp-fuldatal.de\/index.php?rest_route=\/wp\/v2\/posts\/75401","targetHints":{"allow":["GET"]}}],"collection":[{"href":"https:\/\/www.fdp-fuldatal.de\/index.php?rest_route=\/wp\/v2\/posts"}],"about":[{"href":"https:\/\/www.fdp-fuldatal.de\/index.php?rest_route=\/wp\/v2\/types\/post"}],"author":[{"embeddable":true,"href":"https:\/\/www.fdp-fuldatal.de\/index.php?rest_route=\/wp\/v2\/users\/88902"}],"replies":[{"embeddable":true,"href":"https:\/\/www.fdp-fuldatal.de\/index.php?rest_route=%2Fwp%2Fv2%2Fcomments&post=75401"}],"version-history":[{"count":1,"href":"https:\/\/www.fdp-fuldatal.de\/index.php?rest_route=\/wp\/v2\/posts\/75401\/revisions"}],"predecessor-version":[{"id":75402,"href":"https:\/\/www.fdp-fuldatal.de\/index.php?rest_route=\/wp\/v2\/posts\/75401\/revisions\/75402"}],"wp:attachment":[{"href":"https:\/\/www.fdp-fuldatal.de\/index.php?rest_route=%2Fwp%2Fv2%2Fmedia&parent=75401"}],"wp:term":[{"taxonomy":"category","embeddable":true,"href":"https:\/\/www.fdp-fuldatal.de\/index.php?rest_route=%2Fwp%2Fv2%2Fcategories&post=75401"},{"taxonomy":"post_tag","embeddable":true,"href":"https:\/\/www.fdp-fuldatal.de\/index.php?rest_route=%2Fwp%2Fv2%2Ftags&post=75401"}],"curies":[{"name":"wp","href":"https:\/\/api.w.org\/{rel}","templated":true}]}}