{"id":895689,"date":"2024-12-01T15:32:09","date_gmt":"2024-12-01T14:32:09","guid":{"rendered":"https:\/\/www.fdp-fuldatal.de\/?p=895689"},"modified":"2024-12-01T15:32:12","modified_gmt":"2024-12-01T14:32:12","slug":"mitgliederversammlung-mit-grosser-beteiligung","status":"publish","type":"post","link":"https:\/\/www.fdp-fuldatal.de\/?p=895689","title":{"rendered":"Mitgliederversammlung mit gro\u00dfer Beteiligung"},"content":{"rendered":"\n<p>Themen die interessieren sorgen f\u00fcr eine engagierte Beteilung bei der k\u00fcrzlich stattfindenden Mitgliederversammlung des FDP Ortsverbandes, bei der auch immer die Fraktionssitzung der FDP\/FW-Fraktion in der Gemeindevertretung in Fuldatal Teil der Veranstaltung ist.<\/p>\n\n\n\n<figure class=\"wp-block-image size-large\"><a href=\"https:\/\/i0.wp.com\/www.fdp-fuldatal.de\/wp-content\/uploads\/2024\/12\/Mitgliederversammlung202411.jpg?ssl=1\"><img data-recalc-dims=\"1\" loading=\"lazy\" decoding=\"async\" width=\"625\" height=\"469\" src=\"https:\/\/i0.wp.com\/www.fdp-fuldatal.de\/wp-content\/uploads\/2024\/12\/Mitgliederversammlung202411.jpg?resize=625%2C469&#038;ssl=1\" alt=\"\" class=\"wp-image-895699\" srcset=\"https:\/\/i0.wp.com\/www.fdp-fuldatal.de\/wp-content\/uploads\/2024\/12\/Mitgliederversammlung202411.jpg?resize=1024%2C768&amp;ssl=1 1024w, https:\/\/i0.wp.com\/www.fdp-fuldatal.de\/wp-content\/uploads\/2024\/12\/Mitgliederversammlung202411.jpg?resize=300%2C225&amp;ssl=1 300w, https:\/\/i0.wp.com\/www.fdp-fuldatal.de\/wp-content\/uploads\/2024\/12\/Mitgliederversammlung202411.jpg?resize=768%2C576&amp;ssl=1 768w, https:\/\/i0.wp.com\/www.fdp-fuldatal.de\/wp-content\/uploads\/2024\/12\/Mitgliederversammlung202411.jpg?resize=1536%2C1152&amp;ssl=1 1536w, https:\/\/i0.wp.com\/www.fdp-fuldatal.de\/wp-content\/uploads\/2024\/12\/Mitgliederversammlung202411.jpg?resize=624%2C468&amp;ssl=1 624w, https:\/\/i0.wp.com\/www.fdp-fuldatal.de\/wp-content\/uploads\/2024\/12\/Mitgliederversammlung202411.jpg?w=1600&amp;ssl=1 1600w, https:\/\/i0.wp.com\/www.fdp-fuldatal.de\/wp-content\/uploads\/2024\/12\/Mitgliederversammlung202411.jpg?w=1250&amp;ssl=1 1250w\" sizes=\"auto, (max-width: 625px) 100vw, 625px\" \/><\/a><\/figure>\n\n\n\n<p>Kommunal stand die Umsetzung der Grundsteuerreform mit der in der n\u00e4chsten Sitzung der Gemeindevertretung zu beschlie\u00dfenden neuen Hebesatzsatzung auf der Tagesordnung. Aber auch der Haushalt 2025 mit alle seinen Positionen und aktuelle Informationen aus der Steuerungsgruppe des Dorferneuerungsprogramms wurden besprochen.<\/p>\n\n\n\n<p>Nach dem Aus der Ampelkoalition im Bund wurde dies nat\u00fcrlich ausgiebig diskutiert und die ersten Ideen und Vorbereitungen f\u00fcr die Bundestagswahl gesammelt und abgestimmt. Der Wahlkampf wird kurz und knackig die ersten beiden Monate des neuen Jahres begleiten.<\/p>\n\n\n\n<p>Jetzt aber erstmal liegt noch die letzte Gemeindevertretersitzung in 2024 vor uns und dann die Verabschiedung von Karsten Schreiber als B\u00fcrgermeister und die Einf\u00fchrung des neue B\u00fcrgermeisters Tore Florin.<\/p>\n\n\n\n<p>Sch\u00f6ne Adventszeit Ihnen allen.<\/p>\n","protected":false},"excerpt":{"rendered":"<p>Themen die interessieren sorgen f\u00fcr eine engagierte Beteilung bei der k\u00fcrzlich stattfindenden Mitgliederversammlung des FDP Ortsverbandes, bei der auch immer die Fraktionssitzung der FDP\/FW-Fraktion in der Gemeindevertretung in Fuldatal Teil der Veranstaltung ist. Kommunal stand die Umsetzung der Grundsteuerreform mit der in der n\u00e4chsten Sitzung der Gemeindevertretung zu beschlie\u00dfenden neuen Hebesatzsatzung auf der Tagesordnung. Aber [&hellip;]<\/p>\n","protected":false},"author":88902,"featured_media":0,"comment_status":"closed","ping_status":"closed","sticky":false,"template":"","format":"standard","meta":{"_jetpack_memberships_contains_paid_content":false,"footnotes":""},"categories":[1],"tags":[],"class_list":["post-895689","post","type-post","status-publish","format-standard","hentry","category-allgemein"],"jetpack_featured_media_url":"","jetpack_sharing_enabled":true,"_links":{"self":[{"href":"https:\/\/www.fdp-fuldatal.de\/index.php?rest_route=\/wp\/v2\/posts\/895689","targetHints":{"allow":["GET"]}}],"collection":[{"href":"https:\/\/www.fdp-fuldatal.de\/index.php?rest_route=\/wp\/v2\/posts"}],"about":[{"href":"https:\/\/www.fdp-fuldatal.de\/index.php?rest_route=\/wp\/v2\/types\/post"}],"author":[{"embeddable":true,"href":"https:\/\/www.fdp-fuldatal.de\/index.php?rest_route=\/wp\/v2\/users\/88902"}],"replies":[{"embeddable":true,"href":"https:\/\/www.fdp-fuldatal.de\/index.php?rest_route=%2Fwp%2Fv2%2Fcomments&post=895689"}],"version-history":[{"count":1,"href":"https:\/\/www.fdp-fuldatal.de\/index.php?rest_route=\/wp\/v2\/posts\/895689\/revisions"}],"predecessor-version":[{"id":895703,"href":"https:\/\/www.fdp-fuldatal.de\/index.php?rest_route=\/wp\/v2\/posts\/895689\/revisions\/895703"}],"wp:attachment":[{"href":"https:\/\/www.fdp-fuldatal.de\/index.php?rest_route=%2Fwp%2Fv2%2Fmedia&parent=895689"}],"wp:term":[{"taxonomy":"category","embeddable":true,"href":"https:\/\/www.fdp-fuldatal.de\/index.php?rest_route=%2Fwp%2Fv2%2Fcategories&post=895689"},{"taxonomy":"post_tag","embeddable":true,"href":"https:\/\/www.fdp-fuldatal.de\/index.php?rest_route=%2Fwp%2Fv2%2Ftags&post=895689"}],"curies":[{"name":"wp","href":"https:\/\/api.w.org\/{rel}","templated":true}]}}