{"id":895722,"date":"2024-12-01T15:41:34","date_gmt":"2024-12-01T14:41:34","guid":{"rendered":"https:\/\/www.fdp-fuldatal.de\/?p=895722"},"modified":"2024-12-01T15:41:34","modified_gmt":"2024-12-01T14:41:34","slug":"traditionelle-veranstaltung-der-fdp-im-zeichen-bewegender-politik-krise","status":"publish","type":"post","link":"https:\/\/www.fdp-fuldatal.de\/?p=895722","title":{"rendered":"Traditionelle Veranstaltung der FDP im Zeichen bewegender Politik-Krise"},"content":{"rendered":"<p>Der FDP-Kreisvorstand Kassel hatte schon vor Wochen eine lang betriebene Tradition erneut aufleben lassen und vor Beginn der Vorweihnachtszeit wieder zu einem Schlachteessen eingeladen. Im kleinen Saal der Caldener Land-Gastst\u00e4tte war jeder Platz besetzt, f\u00fcr die erschienenen Mitglieder, Freunde und F\u00f6rderer der Liberalen waren die R\u00e4umlichkeiten fast zu klein.<\/p>\n<div id=\"attachment_895739\" style=\"width: 1441px\" class=\"wp-caption alignnone\"><img data-recalc-dims=\"1\" loading=\"lazy\" decoding=\"async\" aria-describedby=\"caption-attachment-895739\" class=\"alignnone size-full wp-image-895739\" src=\"https:\/\/i0.wp.com\/www.fdp-fuldatal.de\/wp-content\/uploads\/2024\/12\/FDP-Schlachteessen-2024.jpeg?resize=625%2C601&#038;ssl=1\" alt=\"FDP-Schlachteessen 2024\" width=\"625\" height=\"601\" srcset=\"https:\/\/i0.wp.com\/www.fdp-fuldatal.de\/wp-content\/uploads\/2024\/12\/FDP-Schlachteessen-2024.jpeg?w=1431&amp;ssl=1 1431w, https:\/\/i0.wp.com\/www.fdp-fuldatal.de\/wp-content\/uploads\/2024\/12\/FDP-Schlachteessen-2024.jpeg?resize=300%2C289&amp;ssl=1 300w, https:\/\/i0.wp.com\/www.fdp-fuldatal.de\/wp-content\/uploads\/2024\/12\/FDP-Schlachteessen-2024.jpeg?resize=1024%2C985&amp;ssl=1 1024w, https:\/\/i0.wp.com\/www.fdp-fuldatal.de\/wp-content\/uploads\/2024\/12\/FDP-Schlachteessen-2024.jpeg?resize=768%2C739&amp;ssl=1 768w, https:\/\/i0.wp.com\/www.fdp-fuldatal.de\/wp-content\/uploads\/2024\/12\/FDP-Schlachteessen-2024.jpeg?resize=624%2C600&amp;ssl=1 624w, https:\/\/i0.wp.com\/www.fdp-fuldatal.de\/wp-content\/uploads\/2024\/12\/FDP-Schlachteessen-2024.jpeg?w=1250&amp;ssl=1 1250w\" sizes=\"auto, (max-width: 625px) 100vw, 625px\" \/><p id=\"caption-attachment-895739\" class=\"wp-caption-text\">Einige der Fuldataler Teilnehmer des politischen Abends stellten sich mit den liberalen Protagonisten dem Fotografen: Wahlkreiskandidat Jochen Rube (2.v.l.), Wahlkreiskandidat Jan Terborg (3.v.r), MdL Dr. Stefan Naas (2.v.r.) und der FDP- Kreisvorsitzende Kassel-Land, Oliver K\u00f6nig (r,).<\/p><\/div>\n<p>FDP-Kreisvorsitzender Oliver K\u00f6nig konnte als Abend-Redner den Vorsitzenden der hessischen Landtagsfraktion, Dr. Stefan Naas, begr\u00fc\u00dfen, der trotz der eingetretenen politischen Turbulenzen aus Berlin angereist war. Ebenfalls zu den G\u00e4sten z\u00e4hlten die k\u00fcrzlich als Kandidaten zur Bundestagswahl 2025 gew\u00e4hlten liberalen hessischen Politiker f\u00fcr die nordhessischen Wahlkreise, Jochen Rube und Jan Terborg.<\/p>\n<p>Die durch die zerbrochene Regierungskoalition bevorstehenden Wahlen zu einem neuen Bundestag gaben Stoff genug f\u00fcr einen durchaus spannenden Abend. In ihren engagierten Redebeitr\u00e4gen zeichneten die G\u00e4ste als eine wichtige Zielsetzung f\u00fcr den angelaufenen Wahlkampf vor allem die St\u00e4rkung des l\u00e4ndlichen Raumes auf im Hinblick auf die teilweise ruinierte Wirtschaft, auf eine bedrohte Landwirtschaft sowie den dort oft unzureichenden \u00f6ffentlichen Nahverkehr.<\/p>\n<p>MdL Dr. Naas wies die zahlreichen Vorhaltungen und teils falschen Bezichtigungen gegen die FDP entschieden zur\u00fcck und r\u00fcckte etliche Faktoren ins Licht der Richtigkeit. Das entstandene rege Interesse an den Vorg\u00e4ngen in Berlin f\u00fchrten bei den Anwesenden noch zu einem regen Gedankenaustausch. Einige sprachen gar von einem \u201espannenden Abend\u201c.<\/p>\n<p>Gro\u00dfe Zustimmung erfuhr dann auch das von der bekannten Caldener Landfleischerei dargebotene Schlachte-Buffet, sodass die Besucher schlie\u00dflich hochzufrieden den Abend verlassen und sich dem anstehenden Wahlkampf hoch motiviert zuwenden konnten.<\/p>\n","protected":false},"excerpt":{"rendered":"<p>Der FDP-Kreisvorstand Kassel hatte schon vor Wochen eine lang betriebene Tradition erneut aufleben lassen und vor Beginn der Vorweihnachtszeit wieder zu einem Schlachteessen eingeladen. Im kleinen Saal der Caldener Land-Gastst\u00e4tte war jeder Platz besetzt, f\u00fcr die erschienenen Mitglieder, Freunde und F\u00f6rderer der Liberalen waren die R\u00e4umlichkeiten fast zu klein. FDP-Kreisvorsitzender Oliver K\u00f6nig konnte als Abend-Redner [&hellip;]<\/p>\n","protected":false},"author":88902,"featured_media":0,"comment_status":"closed","ping_status":"","sticky":false,"template":"","format":"standard","meta":{"_jetpack_memberships_contains_paid_content":false,"footnotes":""},"categories":[1],"tags":[],"class_list":["post-895722","post","type-post","status-publish","format-standard","hentry","category-allgemein"],"jetpack_featured_media_url":"","jetpack_sharing_enabled":true,"_links":{"self":[{"href":"https:\/\/www.fdp-fuldatal.de\/index.php?rest_route=\/wp\/v2\/posts\/895722","targetHints":{"allow":["GET"]}}],"collection":[{"href":"https:\/\/www.fdp-fuldatal.de\/index.php?rest_route=\/wp\/v2\/posts"}],"about":[{"href":"https:\/\/www.fdp-fuldatal.de\/index.php?rest_route=\/wp\/v2\/types\/post"}],"author":[{"embeddable":true,"href":"https:\/\/www.fdp-fuldatal.de\/index.php?rest_route=\/wp\/v2\/users\/88902"}],"replies":[{"embeddable":true,"href":"https:\/\/www.fdp-fuldatal.de\/index.php?rest_route=%2Fwp%2Fv2%2Fcomments&post=895722"}],"version-history":[{"count":1,"href":"https:\/\/www.fdp-fuldatal.de\/index.php?rest_route=\/wp\/v2\/posts\/895722\/revisions"}],"predecessor-version":[{"id":895760,"href":"https:\/\/www.fdp-fuldatal.de\/index.php?rest_route=\/wp\/v2\/posts\/895722\/revisions\/895760"}],"wp:attachment":[{"href":"https:\/\/www.fdp-fuldatal.de\/index.php?rest_route=%2Fwp%2Fv2%2Fmedia&parent=895722"}],"wp:term":[{"taxonomy":"category","embeddable":true,"href":"https:\/\/www.fdp-fuldatal.de\/index.php?rest_route=%2Fwp%2Fv2%2Fcategories&post=895722"},{"taxonomy":"post_tag","embeddable":true,"href":"https:\/\/www.fdp-fuldatal.de\/index.php?rest_route=%2Fwp%2Fv2%2Ftags&post=895722"}],"curies":[{"name":"wp","href":"https:\/\/api.w.org\/{rel}","templated":true}]}}