{"id":901545,"date":"2024-12-15T16:58:41","date_gmt":"2024-12-15T15:58:41","guid":{"rendered":"https:\/\/www.fdp-fuldatal.de\/?p=901545"},"modified":"2024-12-15T16:58:44","modified_gmt":"2024-12-15T15:58:44","slug":"16-jahre-kommunalpolitik","status":"publish","type":"post","link":"https:\/\/www.fdp-fuldatal.de\/?p=901545","title":{"rendered":"16 Jahre Kommunalpolitik"},"content":{"rendered":"\n<p>F\u00fcr seine ehrenamtliche kommunalpolitische T\u00e4tigkeit wurde unser langj\u00e4hriger Schatzmeister (FDP Ortsverbandes Fuldatal) und Fraktionsvorsitzender (FDP\/FW-Fraktion in der Gemeindevertretung Fuldatal) im Rahmen der letzten Gemeindevertretersitzung mit der Wappenehrennadel in Silber ausgezeichnet.<\/p>\n\n\n\n<figure class=\"wp-block-image size-large\"><a href=\"https:\/\/i0.wp.com\/www.fdp-fuldatal.de\/wp-content\/uploads\/2024\/12\/Ehrennadel-in-Silber-2024.jpg?ssl=1\"><img data-recalc-dims=\"1\" loading=\"lazy\" decoding=\"async\" width=\"625\" height=\"833\" src=\"https:\/\/i0.wp.com\/www.fdp-fuldatal.de\/wp-content\/uploads\/2024\/12\/Ehrennadel-in-Silber-2024.jpg?resize=625%2C833&#038;ssl=1\" alt=\"\" class=\"wp-image-901554\" srcset=\"https:\/\/i0.wp.com\/www.fdp-fuldatal.de\/wp-content\/uploads\/2024\/12\/Ehrennadel-in-Silber-2024.jpg?resize=768%2C1024&amp;ssl=1 768w, https:\/\/i0.wp.com\/www.fdp-fuldatal.de\/wp-content\/uploads\/2024\/12\/Ehrennadel-in-Silber-2024.jpg?resize=225%2C300&amp;ssl=1 225w, https:\/\/i0.wp.com\/www.fdp-fuldatal.de\/wp-content\/uploads\/2024\/12\/Ehrennadel-in-Silber-2024.jpg?resize=1152%2C1536&amp;ssl=1 1152w, https:\/\/i0.wp.com\/www.fdp-fuldatal.de\/wp-content\/uploads\/2024\/12\/Ehrennadel-in-Silber-2024.jpg?resize=624%2C832&amp;ssl=1 624w, https:\/\/i0.wp.com\/www.fdp-fuldatal.de\/wp-content\/uploads\/2024\/12\/Ehrennadel-in-Silber-2024.jpg?w=1536&amp;ssl=1 1536w, https:\/\/i0.wp.com\/www.fdp-fuldatal.de\/wp-content\/uploads\/2024\/12\/Ehrennadel-in-Silber-2024.jpg?w=1250&amp;ssl=1 1250w\" sizes=\"auto, (max-width: 625px) 100vw, 625px\" \/><\/a><figcaption class=\"wp-element-caption\">Thorsten R\u00f6der (2.v.l.) eingerahmt von weiteren Geehrten, sowie B\u00fcrgermeister Karsten Schreiber (1.v.l.) und der Vorsitzenden der Gemeindevertretung Stefanie Ro\u00df-Stabernack (1.v.r.)<\/figcaption><\/figure>\n\n\n\n<p>Thorsten R\u00f6der geh\u00f6rt dem FDP Ortsverband Fuldatal seit fast 25 Jahren an. Er lernte die Kommunalpolitik am K\u00fcchentisch von S\u00e4nger und Werderich und konnte in diesen Jahren immer auf die Erfahrung von gestandenen liberalen Kommunalpolitikern zur\u00fcckgreifen.<\/p>\n\n\n\n<p>In der Gemeindevertretung sitzt Thorsten R\u00f6der seit 2008 (mit kurzer Unterbrechung) f\u00fcr die FDP und f\u00fchrt diese seit ein paar Jahren als Fraktionsvorsitzender an. (Seit 2021 als Fraktion aus FDP und Freien W\u00e4hlern.)<\/p>\n\n\n\n<p>\u201ePolitik hat mich schon immer interessiert und so lag es nahe sich auch einmal ehrenamtlich in der Gemeinde, in der man lebt zu engagieren,\u201c sagt Thorsten R\u00f6der.<\/p>\n","protected":false},"excerpt":{"rendered":"<p>F\u00fcr seine ehrenamtliche kommunalpolitische T\u00e4tigkeit wurde unser langj\u00e4hriger Schatzmeister (FDP Ortsverbandes Fuldatal) und Fraktionsvorsitzender (FDP\/FW-Fraktion in der Gemeindevertretung Fuldatal) im Rahmen der letzten Gemeindevertretersitzung mit der Wappenehrennadel in Silber ausgezeichnet. Thorsten R\u00f6der geh\u00f6rt dem FDP Ortsverband Fuldatal seit fast 25 Jahren an. Er lernte die Kommunalpolitik am K\u00fcchentisch von S\u00e4nger und Werderich und konnte in [&hellip;]<\/p>\n","protected":false},"author":88902,"featured_media":0,"comment_status":"closed","ping_status":"closed","sticky":false,"template":"","format":"standard","meta":{"_jetpack_memberships_contains_paid_content":false,"footnotes":""},"categories":[1],"tags":[],"class_list":["post-901545","post","type-post","status-publish","format-standard","hentry","category-allgemein"],"jetpack_featured_media_url":"","jetpack_sharing_enabled":true,"_links":{"self":[{"href":"https:\/\/www.fdp-fuldatal.de\/index.php?rest_route=\/wp\/v2\/posts\/901545","targetHints":{"allow":["GET"]}}],"collection":[{"href":"https:\/\/www.fdp-fuldatal.de\/index.php?rest_route=\/wp\/v2\/posts"}],"about":[{"href":"https:\/\/www.fdp-fuldatal.de\/index.php?rest_route=\/wp\/v2\/types\/post"}],"author":[{"embeddable":true,"href":"https:\/\/www.fdp-fuldatal.de\/index.php?rest_route=\/wp\/v2\/users\/88902"}],"replies":[{"embeddable":true,"href":"https:\/\/www.fdp-fuldatal.de\/index.php?rest_route=%2Fwp%2Fv2%2Fcomments&post=901545"}],"version-history":[{"count":1,"href":"https:\/\/www.fdp-fuldatal.de\/index.php?rest_route=\/wp\/v2\/posts\/901545\/revisions"}],"predecessor-version":[{"id":901567,"href":"https:\/\/www.fdp-fuldatal.de\/index.php?rest_route=\/wp\/v2\/posts\/901545\/revisions\/901567"}],"wp:attachment":[{"href":"https:\/\/www.fdp-fuldatal.de\/index.php?rest_route=%2Fwp%2Fv2%2Fmedia&parent=901545"}],"wp:term":[{"taxonomy":"category","embeddable":true,"href":"https:\/\/www.fdp-fuldatal.de\/index.php?rest_route=%2Fwp%2Fv2%2Fcategories&post=901545"},{"taxonomy":"post_tag","embeddable":true,"href":"https:\/\/www.fdp-fuldatal.de\/index.php?rest_route=%2Fwp%2Fv2%2Ftags&post=901545"}],"curies":[{"name":"wp","href":"https:\/\/api.w.org\/{rel}","templated":true}]}}