{"id":916748,"date":"2025-01-19T19:39:40","date_gmt":"2025-01-19T18:39:40","guid":{"rendered":"https:\/\/www.fdp-fuldatal.de\/?p=916748"},"modified":"2025-01-26T14:57:48","modified_gmt":"2025-01-26T13:57:48","slug":"einladung-zum-politischen-neujahrsschoppen","status":"publish","type":"post","link":"https:\/\/www.fdp-fuldatal.de\/?p=916748","title":{"rendered":"Einladung zum politischen Neujahrsschoppen"},"content":{"rendered":"\n<p>Der FDP-Ortsverband Fuldatal l\u00e4dt Sie herzlich zu einem inspirierenden Start ins neue Jahr ein:<\/p>\n\n\n\n<p><strong>Wann?<\/strong>&nbsp;Sonntag, 02. Februar 2025, ab 11:00 Uhr<\/p>\n\n\n\n<p><strong>Wo?<\/strong>&nbsp;Gut Winterb\u00fcren, Festscheune, Rothwesten<\/p>\n\n\n\n<p>Freuen Sie sich auf einen Vormittag voller spannender Impulse und anregender Gespr\u00e4che. Im Mittelpunkt steht der politische Austausch zu aktuellen Themen und Herausforderungen. Kurze Impulsvortr\u00e4ge geben&nbsp;Denkanst\u00f6\u00dfe und regen zur Diskussion an. Nutzen Sie die Gelegenheit, in entspannter Atmosph\u00e4re mit Gleichgesinnten und politischen Akteuren ins Gespr\u00e4ch zu kommen.<\/p>\n\n\n\n<p><strong>Programmablauf:<\/strong><\/p>\n\n\n\n<p><strong>11:00 Uhr<\/strong>: Begr\u00fc\u00dfung durch den Kreisvorsitzenden und Dr. Friedrich Waitz von Eschen<\/p>\n\n\n\n<p><strong>11:30 Uhr<\/strong>: Impulsvortrag von Raymund Schaad zu den neuesten verteidigungspolitischen Richtlinien<\/p>\n\n\n\n<p>\u00a0<strong>11:45 Uhr<\/strong>: Vorstellung von Jan Terborg und Jochen Rube, Bundestagsdirektkandidaten<\/p>\n\n\n\n<p><strong>12:00 Uhr<\/strong>: Offener Austausch bei Snacks und Getr\u00e4nken<\/p>\n\n\n\n<p>Wir freuen uns auf Ihre Teilnahme und einen anregenden politischen Dialog!<\/p>\n","protected":false},"excerpt":{"rendered":"<p>Der FDP-Ortsverband Fuldatal l\u00e4dt Sie herzlich zu einem inspirierenden Start ins neue Jahr ein: Wann?&nbsp;Sonntag, 02. Februar 2025, ab 11:00 Uhr Wo?&nbsp;Gut Winterb\u00fcren, Festscheune, Rothwesten Freuen Sie sich auf einen Vormittag voller spannender Impulse und anregender Gespr\u00e4che. Im Mittelpunkt steht der politische Austausch zu aktuellen Themen und Herausforderungen. Kurze Impulsvortr\u00e4ge geben&nbsp;Denkanst\u00f6\u00dfe und regen zur Diskussion [&hellip;]<\/p>\n","protected":false},"author":88902,"featured_media":0,"comment_status":"closed","ping_status":"","sticky":false,"template":"","format":"standard","meta":{"_jetpack_memberships_contains_paid_content":false,"footnotes":""},"categories":[1],"tags":[],"class_list":["post-916748","post","type-post","status-publish","format-standard","hentry","category-allgemein"],"jetpack_featured_media_url":"","jetpack_sharing_enabled":true,"_links":{"self":[{"href":"https:\/\/www.fdp-fuldatal.de\/index.php?rest_route=\/wp\/v2\/posts\/916748","targetHints":{"allow":["GET"]}}],"collection":[{"href":"https:\/\/www.fdp-fuldatal.de\/index.php?rest_route=\/wp\/v2\/posts"}],"about":[{"href":"https:\/\/www.fdp-fuldatal.de\/index.php?rest_route=\/wp\/v2\/types\/post"}],"author":[{"embeddable":true,"href":"https:\/\/www.fdp-fuldatal.de\/index.php?rest_route=\/wp\/v2\/users\/88902"}],"replies":[{"embeddable":true,"href":"https:\/\/www.fdp-fuldatal.de\/index.php?rest_route=%2Fwp%2Fv2%2Fcomments&post=916748"}],"version-history":[{"count":2,"href":"https:\/\/www.fdp-fuldatal.de\/index.php?rest_route=\/wp\/v2\/posts\/916748\/revisions"}],"predecessor-version":[{"id":919805,"href":"https:\/\/www.fdp-fuldatal.de\/index.php?rest_route=\/wp\/v2\/posts\/916748\/revisions\/919805"}],"wp:attachment":[{"href":"https:\/\/www.fdp-fuldatal.de\/index.php?rest_route=%2Fwp%2Fv2%2Fmedia&parent=916748"}],"wp:term":[{"taxonomy":"category","embeddable":true,"href":"https:\/\/www.fdp-fuldatal.de\/index.php?rest_route=%2Fwp%2Fv2%2Fcategories&post=916748"},{"taxonomy":"post_tag","embeddable":true,"href":"https:\/\/www.fdp-fuldatal.de\/index.php?rest_route=%2Fwp%2Fv2%2Ftags&post=916748"}],"curies":[{"name":"wp","href":"https:\/\/api.w.org\/{rel}","templated":true}]}}