{"id":935,"date":"2011-09-11T17:29:53","date_gmt":"2011-09-11T17:29:53","guid":{"rendered":"http:\/\/www.fdp-fuldatal.com\/?p=935"},"modified":"2011-09-11T17:29:53","modified_gmt":"2011-09-11T17:29:53","slug":"vortrag-uber-die-anstehende-rekommunalisierung-von-stromnetzen","status":"publish","type":"post","link":"https:\/\/www.fdp-fuldatal.de\/?p=935","title":{"rendered":"Vortrag \u00fcber die anstehende \u201cRekommunalisierung von Stromnetzen\u201d"},"content":{"rendered":"<p><a href=\"https:\/\/i0.wp.com\/www.fdp-fuldatal.com\/wp-content\/uploads\/2011\/09\/528838_R_K_B_by_johnnyb_pixelio.de_.jpg\"><img data-recalc-dims=\"1\" loading=\"lazy\" decoding=\"async\" class=\"alignleft size-medium wp-image-936\" title=\"OLYMPUS DIGITAL CAMERA\" src=\"https:\/\/i0.wp.com\/www.fdp-fuldatal.com\/wp-content\/uploads\/2011\/09\/528838_R_K_B_by_johnnyb_pixelio.de_-300x225.jpg?resize=300%2C225\" alt=\"\" width=\"300\" height=\"225\" srcset=\"https:\/\/i0.wp.com\/www.fdp-fuldatal.de\/wp-content\/uploads\/2011\/09\/528838_R_K_B_by_johnnyb_pixelio.de_.jpg?resize=300%2C225&amp;ssl=1 300w, https:\/\/i0.wp.com\/www.fdp-fuldatal.de\/wp-content\/uploads\/2011\/09\/528838_R_K_B_by_johnnyb_pixelio.de_.jpg?resize=1024%2C768&amp;ssl=1 1024w, https:\/\/i0.wp.com\/www.fdp-fuldatal.de\/wp-content\/uploads\/2011\/09\/528838_R_K_B_by_johnnyb_pixelio.de_.jpg?w=1250&amp;ssl=1 1250w, https:\/\/i0.wp.com\/www.fdp-fuldatal.de\/wp-content\/uploads\/2011\/09\/528838_R_K_B_by_johnnyb_pixelio.de_.jpg?w=1875&amp;ssl=1 1875w\" sizes=\"auto, (max-width: 300px) 100vw, 300px\" \/><\/a>Der Ortsverband Fuldatal l\u00e4dt alle B\u00fcrgerinnen und B\u00fcrger zu unserer Informationsveranstaltung zum Thema<\/p>\n<p><strong>\u201cRekommunalisierung von Stromnetzen\u201d <\/strong><\/p>\n<p><strong>am 19.09.2011 um 20:00 Uhr im Gasthaus Sch\u00f6newald, Fuldatal Simmershausen, am Kumpplatz ein.<\/strong><\/p>\n<p>Herr Klaus Dieter S\u00e4nger informiert \u00fcber die Vor- und Nachteile der anstehenden Entscheidung zur Rekommunalisierung.<\/p>\n<p><strong>Hintergrund:<\/strong> Bis zum 30.September muss die Gemeinde Fuldatal die Entscheidung fallen f\u00fcr die Kooperation im Beteiligungsmodell, weil bis dahin das Angebot befristet ist. Die Vorteile, die die Gemeinden sich von einer Netz\u00fcbernahme versprochen hatten, wie Einflussnahme auf die Energieversorgung, Umsetzung von Klimaschutzzielen auf lokaler Ebene, sind nicht davon abh\u00e4ngig, die Stromnetze zu besitzen, sondern gem\u00e4\u00df den Regeln der Bundesnetzagentur hat jeder das Recht, Strom ins Netz zu liefern und jeder Abnehmer kann entscheiden, woher der Strom kommen soll &#8211; z.B. von <strong>Atomkraftwerken<\/strong> oder <strong>regenerativen Quellen<\/strong>.<\/p>\n<p>Die FDP in Fuldatal freut sich auf einen regen Meinungsaustasuch mit Ihnen.<\/p>\n","protected":false},"excerpt":{"rendered":"<p>Der Ortsverband Fuldatal l\u00e4dt alle B\u00fcrgerinnen und B\u00fcrger zu unserer Informationsveranstaltung zum Thema \u201cRekommunalisierung von Stromnetzen\u201d am 19.09.2011 um 20:00 Uhr im Gasthaus Sch\u00f6newald, Fuldatal Simmershausen, am Kumpplatz ein. Herr Klaus Dieter S\u00e4nger informiert \u00fcber die Vor- und Nachteile der anstehenden Entscheidung zur Rekommunalisierung. Hintergrund: Bis zum 30.September muss die Gemeinde Fuldatal die Entscheidung fallen [&hellip;]<\/p>\n","protected":false},"author":1,"featured_media":0,"comment_status":"open","ping_status":"open","sticky":false,"template":"","format":"standard","meta":{"_jetpack_memberships_contains_paid_content":false,"footnotes":""},"categories":[1,6],"tags":[],"class_list":["post-935","post","type-post","status-publish","format-standard","hentry","category-allgemein","category-programm"],"jetpack_featured_media_url":"","jetpack_sharing_enabled":true,"_links":{"self":[{"href":"https:\/\/www.fdp-fuldatal.de\/index.php?rest_route=\/wp\/v2\/posts\/935","targetHints":{"allow":["GET"]}}],"collection":[{"href":"https:\/\/www.fdp-fuldatal.de\/index.php?rest_route=\/wp\/v2\/posts"}],"about":[{"href":"https:\/\/www.fdp-fuldatal.de\/index.php?rest_route=\/wp\/v2\/types\/post"}],"author":[{"embeddable":true,"href":"https:\/\/www.fdp-fuldatal.de\/index.php?rest_route=\/wp\/v2\/users\/1"}],"replies":[{"embeddable":true,"href":"https:\/\/www.fdp-fuldatal.de\/index.php?rest_route=%2Fwp%2Fv2%2Fcomments&post=935"}],"version-history":[{"count":5,"href":"https:\/\/www.fdp-fuldatal.de\/index.php?rest_route=\/wp\/v2\/posts\/935\/revisions"}],"predecessor-version":[{"id":943,"href":"https:\/\/www.fdp-fuldatal.de\/index.php?rest_route=\/wp\/v2\/posts\/935\/revisions\/943"}],"wp:attachment":[{"href":"https:\/\/www.fdp-fuldatal.de\/index.php?rest_route=%2Fwp%2Fv2%2Fmedia&parent=935"}],"wp:term":[{"taxonomy":"category","embeddable":true,"href":"https:\/\/www.fdp-fuldatal.de\/index.php?rest_route=%2Fwp%2Fv2%2Fcategories&post=935"},{"taxonomy":"post_tag","embeddable":true,"href":"https:\/\/www.fdp-fuldatal.de\/index.php?rest_route=%2Fwp%2Fv2%2Ftags&post=935"}],"curies":[{"name":"wp","href":"https:\/\/api.w.org\/{rel}","templated":true}]}}