{"id":944,"date":"2011-09-13T08:36:43","date_gmt":"2011-09-13T08:36:43","guid":{"rendered":"http:\/\/www.fdp-fuldatal.com\/?p=944"},"modified":"2011-09-13T08:37:15","modified_gmt":"2011-09-13T08:37:15","slug":"einladung-zur-mitgliederversammlung-2","status":"publish","type":"post","link":"https:\/\/www.fdp-fuldatal.de\/?p=944","title":{"rendered":"Einladung zur Mitgliederversammlung"},"content":{"rendered":"<h2>Liebe Freunde der Freiheit,<\/h2>\n<p>aufgrund von einigen \u00c4nderungen, haben wir auf Wunsch unserer Fraktion und unseres Vorstandes die Tagespunkte f\u00fcr unsere Fraktions- und Vorstanssitzung mit anschlie\u00dfender Mitgliederversammlung wie folgt ge\u00e4ndert:<\/p>\n<p><strong>Ich m\u00f6chte Sie ganz herzlich zu unserer Fraktions- und Vorstandssitzung mit anschlie\u00dfender Mitgliederversammlung (gegen 20:00<\/strong><strong> Uhr) <\/strong><br \/>\n<strong><\/strong><\/p>\n<p><strong>am Montag, den 19.09.2011 um 19:00 Uhr bzw. 20:00 Uhr im Gasthaus Sch\u00f6newald, Fuldatal Simmershausen, am Kumpplatz einladen.<\/strong><\/p>\n<p>Ich schlage folgende Tagesordnung vor:<\/p>\n<p><strong>Ab 19:00 Uhr Fraktions-\/Vorstandssitzung (Nicht \u00d6ffentlich):<\/strong><\/p>\n<ol>\n<li>Begr\u00fc\u00dfung<\/li>\n<li>Bericht der Fraktion\/Vorstand<\/li>\n<li>Zuk\u00fcnftiger Kurs der FDP in Fuldatal<\/li>\n<li>Politisches<\/li>\n<li>Mitgliedsbeitr\u00e4ge<\/li>\n<li>Antr\u00e4ge<\/li>\n<li>Sonstiges<\/li>\n<\/ol>\n<p><strong>Ab 20:00 Uhr \u00d6ffentliche Mitgliedsversammlung:<\/strong><\/p>\n<ol>\n<li>Begr\u00fc\u00dfung<\/li>\n<li>Bericht der Fraktion\/Vorstand<\/li>\n<li>Vortrag von Herrn S\u00e4nger \u00fcber die anstehende \u201cRekommunalisierung der Stromnetze\u00a0\u00a0\u00a0\u00a0\u00a0\u00a0 in Fuldatal\u201d<\/li>\n<li>Antr\u00e4ge<\/li>\n<li>Sonstiges<\/li>\n<\/ol>\n<p>Bitte tragen Sie sich diesen Termin in Ihren Kalender und lassen Sie uns gemeinsam Freiheit in Fuldatal mitgestalten!<\/p>\n<p>Mit freundlichen Gr\u00fc\u00dfen<br \/>\nLars Linge<br \/>\n-Ortsvorsitzender<\/p>\n","protected":false},"excerpt":{"rendered":"<p>Liebe Freunde der Freiheit, aufgrund von einigen \u00c4nderungen, haben wir auf Wunsch unserer Fraktion und unseres Vorstandes die Tagespunkte f\u00fcr unsere Fraktions- und Vorstanssitzung mit anschlie\u00dfender Mitgliederversammlung wie folgt ge\u00e4ndert: Ich m\u00f6chte Sie ganz herzlich zu unserer Fraktions- und Vorstandssitzung mit anschlie\u00dfender Mitgliederversammlung (gegen 20:00 Uhr) am Montag, den 19.09.2011 um 19:00 Uhr bzw. 20:00 [&hellip;]<\/p>\n","protected":false},"author":1,"featured_media":0,"comment_status":"open","ping_status":"open","sticky":false,"template":"","format":"standard","meta":{"_jetpack_memberships_contains_paid_content":false,"footnotes":""},"categories":[1,8],"tags":[],"class_list":["post-944","post","type-post","status-publish","format-standard","hentry","category-allgemein","category-presse"],"jetpack_featured_media_url":"","jetpack_sharing_enabled":true,"_links":{"self":[{"href":"https:\/\/www.fdp-fuldatal.de\/index.php?rest_route=\/wp\/v2\/posts\/944","targetHints":{"allow":["GET"]}}],"collection":[{"href":"https:\/\/www.fdp-fuldatal.de\/index.php?rest_route=\/wp\/v2\/posts"}],"about":[{"href":"https:\/\/www.fdp-fuldatal.de\/index.php?rest_route=\/wp\/v2\/types\/post"}],"author":[{"embeddable":true,"href":"https:\/\/www.fdp-fuldatal.de\/index.php?rest_route=\/wp\/v2\/users\/1"}],"replies":[{"embeddable":true,"href":"https:\/\/www.fdp-fuldatal.de\/index.php?rest_route=%2Fwp%2Fv2%2Fcomments&post=944"}],"version-history":[{"count":6,"href":"https:\/\/www.fdp-fuldatal.de\/index.php?rest_route=\/wp\/v2\/posts\/944\/revisions"}],"predecessor-version":[{"id":950,"href":"https:\/\/www.fdp-fuldatal.de\/index.php?rest_route=\/wp\/v2\/posts\/944\/revisions\/950"}],"wp:attachment":[{"href":"https:\/\/www.fdp-fuldatal.de\/index.php?rest_route=%2Fwp%2Fv2%2Fmedia&parent=944"}],"wp:term":[{"taxonomy":"category","embeddable":true,"href":"https:\/\/www.fdp-fuldatal.de\/index.php?rest_route=%2Fwp%2Fv2%2Fcategories&post=944"},{"taxonomy":"post_tag","embeddable":true,"href":"https:\/\/www.fdp-fuldatal.de\/index.php?rest_route=%2Fwp%2Fv2%2Ftags&post=944"}],"curies":[{"name":"wp","href":"https:\/\/api.w.org\/{rel}","templated":true}]}}