{"id":982,"date":"2011-10-16T12:10:19","date_gmt":"2011-10-16T12:10:19","guid":{"rendered":"http:\/\/www.fdp-fuldatal.de\/?p=982"},"modified":"2011-10-16T12:10:19","modified_gmt":"2011-10-16T12:10:19","slug":"1-sitzung-des-kreisfachausschusses-wirtschaft-finanzen-verkehr-und-landesentwicklung","status":"publish","type":"post","link":"https:\/\/www.fdp-fuldatal.de\/?p=982","title":{"rendered":"1. Sitzung des Kreisfachausschusses \u201eWirtschaft, Finanzen, Verkehr und Landesentwicklung"},"content":{"rendered":"<h4 align=\"center\">Kreisfachausschuss w\u00e4hlte Vorstand in der ersten Sitzung<\/h4>\n<p><strong><\/strong>Am vergangenen Samstag, den 15.10.2011 konstituierte sich der Kreisfachausschuss \u201eWirtschaft, Finanzen, Verkehr und Landesentwicklung.<\/p>\n<p>Unter der Leitung von Matthias N\u00f6lke, Stellvertretender Kreisvorsitzender der FDP Kassel-Stadt wurde Lars Linge, Ortsvorsitzender der FDP in Fuldatal, einstimmig als Vorsitzender gew\u00e4hlt. Als sein Vertreter wurde Matthias N\u00f6lke einstimmig gew\u00e4hlt.<\/p>\n<p>Neben aktuellen Themen aus der Region Kassel, wird sich der Kreisfachausschuss unter anderem mit dem Autobahnanschluss Kassel-Calden, der Regionalreform, der Schuldenbremse, der Versorgung im l\u00e4ndlichen Raum, dem \u00f6ffentlichen Nahverkehr und den Gewerbegebieten in Kassel Stadt und Kassel Land befassen.<\/p>\n<p>Der Kreisfachausschuss m\u00f6chte in Zukunft mit den B\u00fcrgerinnen und B\u00fcrgern als Partner Infrastruktur zukunftsorientiert vorantreiben.<\/p>\n<p>Auskunft zu der Arbeit des Kreisfachausschusses erhalten Sie von Lars Linge unter <a href=\"http:\/\/www.larslinge.com\">www.larslinge.de<\/a>, oder den Gesch\u00e4ftsstellen der FDP Kassel-Stadt und Kassel-Land.<\/p>\n","protected":false},"excerpt":{"rendered":"<p>Kreisfachausschuss w\u00e4hlte Vorstand in der ersten Sitzung Am vergangenen Samstag, den 15.10.2011 konstituierte sich der Kreisfachausschuss \u201eWirtschaft, Finanzen, Verkehr und Landesentwicklung. Unter der Leitung von Matthias N\u00f6lke, Stellvertretender Kreisvorsitzender der FDP Kassel-Stadt wurde Lars Linge, Ortsvorsitzender der FDP in Fuldatal, einstimmig als Vorsitzender gew\u00e4hlt. Als sein Vertreter wurde Matthias N\u00f6lke einstimmig gew\u00e4hlt. Neben aktuellen Themen [&hellip;]<\/p>\n","protected":false},"author":1,"featured_media":0,"comment_status":"open","ping_status":"open","sticky":false,"template":"","format":"standard","meta":{"_jetpack_memberships_contains_paid_content":false,"footnotes":""},"categories":[1,3,5,8],"tags":[20,35,30,36],"class_list":["post-982","post","type-post","status-publish","format-standard","hentry","category-allgemein","category-kommunales","category-ortsverband_aktiv","category-presse","tag-fdp","tag-kreisfachausschuss","tag-lars-linge","tag-mathias-nolke"],"jetpack_featured_media_url":"","jetpack_sharing_enabled":true,"_links":{"self":[{"href":"https:\/\/www.fdp-fuldatal.de\/index.php?rest_route=\/wp\/v2\/posts\/982","targetHints":{"allow":["GET"]}}],"collection":[{"href":"https:\/\/www.fdp-fuldatal.de\/index.php?rest_route=\/wp\/v2\/posts"}],"about":[{"href":"https:\/\/www.fdp-fuldatal.de\/index.php?rest_route=\/wp\/v2\/types\/post"}],"author":[{"embeddable":true,"href":"https:\/\/www.fdp-fuldatal.de\/index.php?rest_route=\/wp\/v2\/users\/1"}],"replies":[{"embeddable":true,"href":"https:\/\/www.fdp-fuldatal.de\/index.php?rest_route=%2Fwp%2Fv2%2Fcomments&post=982"}],"version-history":[{"count":1,"href":"https:\/\/www.fdp-fuldatal.de\/index.php?rest_route=\/wp\/v2\/posts\/982\/revisions"}],"predecessor-version":[{"id":983,"href":"https:\/\/www.fdp-fuldatal.de\/index.php?rest_route=\/wp\/v2\/posts\/982\/revisions\/983"}],"wp:attachment":[{"href":"https:\/\/www.fdp-fuldatal.de\/index.php?rest_route=%2Fwp%2Fv2%2Fmedia&parent=982"}],"wp:term":[{"taxonomy":"category","embeddable":true,"href":"https:\/\/www.fdp-fuldatal.de\/index.php?rest_route=%2Fwp%2Fv2%2Fcategories&post=982"},{"taxonomy":"post_tag","embeddable":true,"href":"https:\/\/www.fdp-fuldatal.de\/index.php?rest_route=%2Fwp%2Fv2%2Ftags&post=982"}],"curies":[{"name":"wp","href":"https:\/\/api.w.org\/{rel}","templated":true}]}}